{"id":1202,"date":"2023-06-23T12:32:33","date_gmt":"2023-06-23T12:32:33","guid":{"rendered":"https:\/\/masquefarmacia.org\/?p=1202"},"modified":"2023-06-23T12:33:47","modified_gmt":"2023-06-23T12:33:47","slug":"talleres-de-formacion-y-educacion-en-salud-caritas-sevilla","status":"publish","type":"post","link":"https:\/\/masquefarmacia.org\/index.php\/2023\/06\/23\/talleres-de-formacion-y-educacion-en-salud-caritas-sevilla\/","title":{"rendered":"Talleres de formaci\u00f3n y educaci\u00f3n en Salud. Caritas Sevilla"},"content":{"rendered":"\n<p>El objetivo del programa es la realizaci\u00f3n de talleres de formaci\u00f3n y educaci\u00f3n de salud en el centro de inmigrantes e irregulares Proyecto Nazaret, que C\u00e1ritas tiene en Sevilla.<\/p>\n\n\n\n<p>Para C\u00e1ritas el trabajo con personas y familias en situaci\u00f3n de irregularidad tiene una gran relevancia, un ejemplo, lo tenemos en Sevilla, con el\u00a0Proyecto Nazaret. Donde el 80% de las personas que atienden en los recursos residenciales, y un 70%, de las que pasan por su centro de formaci\u00f3n se encuentran en esta situaci\u00f3n.\u00a0\u00a0<br>Durante todo el a\u00f1o realizaremos 16 talleres de formaci\u00f3n y educaci\u00f3n en Salud para los inmigrantes acogidos por C\u00e1ritas Sevilla.<\/p>\n\n\n\n<figure class=\"wp-block-image size-large is-resized\"><img fetchpriority=\"high\" decoding=\"async\" src=\"https:\/\/masquefarmacia.org\/wp-content\/uploads\/2023\/06\/d1435248-a46d-431d-ba22-21cc7a7a16f5-1-1024x768.jpeg\" alt=\"\" class=\"wp-image-1203\" width=\"605\" height=\"454\" srcset=\"https:\/\/masquefarmacia.org\/wp-content\/uploads\/2023\/06\/d1435248-a46d-431d-ba22-21cc7a7a16f5-1-1024x768.jpeg 1024w, https:\/\/masquefarmacia.org\/wp-content\/uploads\/2023\/06\/d1435248-a46d-431d-ba22-21cc7a7a16f5-1-300x225.jpeg 300w, https:\/\/masquefarmacia.org\/wp-content\/uploads\/2023\/06\/d1435248-a46d-431d-ba22-21cc7a7a16f5-1-768x576.jpeg 768w, https:\/\/masquefarmacia.org\/wp-content\/uploads\/2023\/06\/d1435248-a46d-431d-ba22-21cc7a7a16f5-1-1536x1152.jpeg 1536w, https:\/\/masquefarmacia.org\/wp-content\/uploads\/2023\/06\/d1435248-a46d-431d-ba22-21cc7a7a16f5-1-1320x990.jpeg 1320w, https:\/\/masquefarmacia.org\/wp-content\/uploads\/2023\/06\/d1435248-a46d-431d-ba22-21cc7a7a16f5-1-600x450.jpeg 600w, https:\/\/masquefarmacia.org\/wp-content\/uploads\/2023\/06\/d1435248-a46d-431d-ba22-21cc7a7a16f5-1.jpeg 2048w\" sizes=\"(max-width: 605px) 100vw, 605px\" \/><\/figure>\n\n\n\n<figure class=\"wp-block-image size-large is-resized\"><img decoding=\"async\" src=\"https:\/\/masquefarmacia.org\/wp-content\/uploads\/2023\/06\/44e98279-f745-4c3a-acc4-14fb31a494e0-1-1024x768.jpeg\" alt=\"\" class=\"wp-image-1204\" width=\"612\" height=\"459\" srcset=\"https:\/\/masquefarmacia.org\/wp-content\/uploads\/2023\/06\/44e98279-f745-4c3a-acc4-14fb31a494e0-1-1024x768.jpeg 1024w, https:\/\/masquefarmacia.org\/wp-content\/uploads\/2023\/06\/44e98279-f745-4c3a-acc4-14fb31a494e0-1-300x225.jpeg 300w, https:\/\/masquefarmacia.org\/wp-content\/uploads\/2023\/06\/44e98279-f745-4c3a-acc4-14fb31a494e0-1-768x576.jpeg 768w, https:\/\/masquefarmacia.org\/wp-content\/uploads\/2023\/06\/44e98279-f745-4c3a-acc4-14fb31a494e0-1-1536x1152.jpeg 1536w, https:\/\/masquefarmacia.org\/wp-content\/uploads\/2023\/06\/44e98279-f745-4c3a-acc4-14fb31a494e0-1-1320x990.jpeg 1320w, https:\/\/masquefarmacia.org\/wp-content\/uploads\/2023\/06\/44e98279-f745-4c3a-acc4-14fb31a494e0-1-600x450.jpeg 600w, https:\/\/masquefarmacia.org\/wp-content\/uploads\/2023\/06\/44e98279-f745-4c3a-acc4-14fb31a494e0-1.jpeg 2000w\" sizes=\"(max-width: 612px) 100vw, 612px\" \/><\/figure>\n","protected":false},"excerpt":{"rendered":"<p>El objetivo del programa es la realizaci\u00f3n de talleres de formaci\u00f3n y educaci\u00f3n de salud en el centro de inmigrantes e irregulares Proyecto Nazaret, que C\u00e1ritas tiene en Sevilla. Para C\u00e1ritas el trabajo con personas y familias en situaci\u00f3n de irregularidad tiene una gran relevancia, un ejemplo, lo tenemos en Sevilla, con el\u00a0Proyecto Nazaret. Donde [&hellip;]<\/p>\n","protected":false},"author":2,"featured_media":1203,"comment_status":"open","ping_status":"open","sticky":false,"template":"","format":"standard","meta":{"_monsterinsights_skip_tracking":false,"_monsterinsights_sitenote_active":false,"_monsterinsights_sitenote_note":"","_monsterinsights_sitenote_category":0,"_jetpack_memberships_contains_paid_content":false,"footnotes":""},"categories":[20],"tags":[],"class_list":["post-1202","post","type-post","status-publish","format-standard","has-post-thumbnail","hentry","category-accion-social"],"aioseo_notices":[],"jetpack_featured_media_url":"https:\/\/masquefarmacia.org\/wp-content\/uploads\/2023\/06\/d1435248-a46d-431d-ba22-21cc7a7a16f5-1.jpeg","jetpack_sharing_enabled":true,"_links":{"self":[{"href":"https:\/\/masquefarmacia.org\/index.php\/wp-json\/wp\/v2\/posts\/1202","targetHints":{"allow":["GET"]}}],"collection":[{"href":"https:\/\/masquefarmacia.org\/index.php\/wp-json\/wp\/v2\/posts"}],"about":[{"href":"https:\/\/masquefarmacia.org\/index.php\/wp-json\/wp\/v2\/types\/post"}],"author":[{"embeddable":true,"href":"https:\/\/masquefarmacia.org\/index.php\/wp-json\/wp\/v2\/users\/2"}],"replies":[{"embeddable":true,"href":"https:\/\/masquefarmacia.org\/index.php\/wp-json\/wp\/v2\/comments?post=1202"}],"version-history":[{"count":1,"href":"https:\/\/masquefarmacia.org\/index.php\/wp-json\/wp\/v2\/posts\/1202\/revisions"}],"predecessor-version":[{"id":1205,"href":"https:\/\/masquefarmacia.org\/index.php\/wp-json\/wp\/v2\/posts\/1202\/revisions\/1205"}],"wp:featuredmedia":[{"embeddable":true,"href":"https:\/\/masquefarmacia.org\/index.php\/wp-json\/wp\/v2\/media\/1203"}],"wp:attachment":[{"href":"https:\/\/masquefarmacia.org\/index.php\/wp-json\/wp\/v2\/media?parent=1202"}],"wp:term":[{"taxonomy":"category","embeddable":true,"href":"https:\/\/masquefarmacia.org\/index.php\/wp-json\/wp\/v2\/categories?post=1202"},{"taxonomy":"post_tag","embeddable":true,"href":"https:\/\/masquefarmacia.org\/index.php\/wp-json\/wp\/v2\/tags?post=1202"}],"curies":[{"name":"wp","href":"https:\/\/api.w.org\/{rel}","templated":true}]}}