{"id":1339,"date":"2024-02-07T20:40:17","date_gmt":"2024-02-07T20:40:17","guid":{"rendered":"https:\/\/masquefarmacia.org\/?p=1339"},"modified":"2024-03-10T17:21:22","modified_gmt":"2024-03-10T17:21:22","slug":"3o-curso-de-formacion-de-farmacia-y-cooperacion","status":"publish","type":"post","link":"https:\/\/masquefarmacia.org\/index.php\/2024\/02\/07\/3o-curso-de-formacion-de-farmacia-y-cooperacion\/","title":{"rendered":"3\u00ba Curso de formaci\u00f3n de Farmacia y Cooperaci\u00f3n"},"content":{"rendered":"\n<p>M\u00e1s que Farmacia lanza en su plataforma docente la acci\u00f3n formativa del 3\u00ba Curso Farmacia y Cooperaci\u00f3n de veintiocho d\u00edas de duraci\u00f3n y formato online, que contar\u00e1 entre los tutores con profesionales de la farmacia humanitaria que han participado directamente en los proyectos que se van a exponer.<\/p>\n\n\n\n<p>Con el pretendemos introducir al alumno en el mundo social de la farmacia prepar\u00e1ndolo para los retos que en la actualidad afronta el sector en el que la Agenda 2030 y los ODS est\u00e1n presentes en todas las actividades que realizan tanto ONG como empresas.<\/p>\n\n\n\n<p>El curso constar\u00e1 de cinco bloques en los que se estudiar\u00e1 la gesti\u00f3n administrativa, la cooperaci\u00f3n al desarrollo, la acci\u00f3n social y la comunicaci\u00f3n para el desarrollo.<\/p>\n\n\n\n<p>Ya puedes realizar tu preinscripci\u00f3n en: <a href=\"https:\/\/docs.google.com\/forms\/d\/e\/1FAIpQLSeoJptB3_mrEqL2jvkyy3CtTKV2bNNKOX5CUZ4Qm633ytMp9Q\/viewform?usp=sf_link\" target=\"_blank\" rel=\"noreferrer noopener\">https:\/\/docs.google.com\/forms\/d\/e\/1FAIpQLSeoJptB3_mrEqL2jvkyy3CtTKV2bNNKOX5CUZ4Qm633ytMp9Q\/viewform?usp=sf_link <\/a><\/p>\n\n\n\n<figure class=\"wp-block-image size-large is-resized\"><img fetchpriority=\"high\" decoding=\"async\" width=\"724\" height=\"1024\" src=\"https:\/\/masquefarmacia.org\/wp-content\/uploads\/2024\/02\/0da4fa2d-588d-4784-819f-021d8f785447-724x1024.jpeg\" alt=\"\" class=\"wp-image-1335\" style=\"width:699px;height:auto\" srcset=\"https:\/\/masquefarmacia.org\/wp-content\/uploads\/2024\/02\/0da4fa2d-588d-4784-819f-021d8f785447-724x1024.jpeg 724w, https:\/\/masquefarmacia.org\/wp-content\/uploads\/2024\/02\/0da4fa2d-588d-4784-819f-021d8f785447-212x300.jpeg 212w, https:\/\/masquefarmacia.org\/wp-content\/uploads\/2024\/02\/0da4fa2d-588d-4784-819f-021d8f785447-768x1086.jpeg 768w, https:\/\/masquefarmacia.org\/wp-content\/uploads\/2024\/02\/0da4fa2d-588d-4784-819f-021d8f785447-1086x1536.jpeg 1086w, https:\/\/masquefarmacia.org\/wp-content\/uploads\/2024\/02\/0da4fa2d-588d-4784-819f-021d8f785447-600x849.jpeg 600w, https:\/\/masquefarmacia.org\/wp-content\/uploads\/2024\/02\/0da4fa2d-588d-4784-819f-021d8f785447.jpeg 1131w\" sizes=\"(max-width: 724px) 100vw, 724px\" \/><\/figure>\n\n\n\n<figure class=\"wp-block-image size-large\"><img decoding=\"async\" width=\"724\" height=\"1024\" src=\"https:\/\/masquefarmacia.org\/wp-content\/uploads\/2024\/02\/1f8efb94-38fa-407c-94de-24463d1c9473-724x1024.jpeg\" alt=\"\" class=\"wp-image-1334\" srcset=\"https:\/\/masquefarmacia.org\/wp-content\/uploads\/2024\/02\/1f8efb94-38fa-407c-94de-24463d1c9473-724x1024.jpeg 724w, https:\/\/masquefarmacia.org\/wp-content\/uploads\/2024\/02\/1f8efb94-38fa-407c-94de-24463d1c9473-212x300.jpeg 212w, https:\/\/masquefarmacia.org\/wp-content\/uploads\/2024\/02\/1f8efb94-38fa-407c-94de-24463d1c9473-768x1086.jpeg 768w, https:\/\/masquefarmacia.org\/wp-content\/uploads\/2024\/02\/1f8efb94-38fa-407c-94de-24463d1c9473-1086x1536.jpeg 1086w, https:\/\/masquefarmacia.org\/wp-content\/uploads\/2024\/02\/1f8efb94-38fa-407c-94de-24463d1c9473-600x849.jpeg 600w, https:\/\/masquefarmacia.org\/wp-content\/uploads\/2024\/02\/1f8efb94-38fa-407c-94de-24463d1c9473.jpeg 1131w\" sizes=\"(max-width: 724px) 100vw, 724px\" \/><\/figure>\n","protected":false},"excerpt":{"rendered":"<p>M\u00e1s que Farmacia lanza en su plataforma docente la acci\u00f3n formativa del 3\u00ba Curso Farmacia y Cooperaci\u00f3n de veintiocho d\u00edas de duraci\u00f3n y formato online, que contar\u00e1 entre los tutores con profesionales de la farmacia humanitaria que han participado directamente en los proyectos que se van a exponer. Con el pretendemos introducir al alumno en [&hellip;]<\/p>\n","protected":false},"author":2,"featured_media":1335,"comment_status":"open","ping_status":"open","sticky":false,"template":"","format":"standard","meta":{"_monsterinsights_skip_tracking":false,"_monsterinsights_sitenote_active":false,"_monsterinsights_sitenote_note":"","_monsterinsights_sitenote_category":0,"_jetpack_memberships_contains_paid_content":false,"footnotes":""},"categories":[25],"tags":[],"class_list":["post-1339","post","type-post","status-publish","format-standard","has-post-thumbnail","hentry","category-formacion"],"aioseo_notices":[],"jetpack_featured_media_url":"https:\/\/masquefarmacia.org\/wp-content\/uploads\/2024\/02\/0da4fa2d-588d-4784-819f-021d8f785447.jpeg","jetpack_sharing_enabled":true,"_links":{"self":[{"href":"https:\/\/masquefarmacia.org\/index.php\/wp-json\/wp\/v2\/posts\/1339","targetHints":{"allow":["GET"]}}],"collection":[{"href":"https:\/\/masquefarmacia.org\/index.php\/wp-json\/wp\/v2\/posts"}],"about":[{"href":"https:\/\/masquefarmacia.org\/index.php\/wp-json\/wp\/v2\/types\/post"}],"author":[{"embeddable":true,"href":"https:\/\/masquefarmacia.org\/index.php\/wp-json\/wp\/v2\/users\/2"}],"replies":[{"embeddable":true,"href":"https:\/\/masquefarmacia.org\/index.php\/wp-json\/wp\/v2\/comments?post=1339"}],"version-history":[{"count":6,"href":"https:\/\/masquefarmacia.org\/index.php\/wp-json\/wp\/v2\/posts\/1339\/revisions"}],"predecessor-version":[{"id":1348,"href":"https:\/\/masquefarmacia.org\/index.php\/wp-json\/wp\/v2\/posts\/1339\/revisions\/1348"}],"wp:featuredmedia":[{"embeddable":true,"href":"https:\/\/masquefarmacia.org\/index.php\/wp-json\/wp\/v2\/media\/1335"}],"wp:attachment":[{"href":"https:\/\/masquefarmacia.org\/index.php\/wp-json\/wp\/v2\/media?parent=1339"}],"wp:term":[{"taxonomy":"category","embeddable":true,"href":"https:\/\/masquefarmacia.org\/index.php\/wp-json\/wp\/v2\/categories?post=1339"},{"taxonomy":"post_tag","embeddable":true,"href":"https:\/\/masquefarmacia.org\/index.php\/wp-json\/wp\/v2\/tags?post=1339"}],"curies":[{"name":"wp","href":"https:\/\/api.w.org\/{rel}","templated":true}]}}