{"id":1863,"date":"2024-05-09T20:06:16","date_gmt":"2024-05-09T20:06:16","guid":{"rendered":"https:\/\/masquefarmacia.org\/?p=1863"},"modified":"2024-05-09T20:06:19","modified_gmt":"2024-05-09T20:06:19","slug":"4o-curso-de-farmacia-y-cooperacion","status":"publish","type":"post","link":"https:\/\/masquefarmacia.org\/index.php\/2024\/05\/09\/4o-curso-de-farmacia-y-cooperacion\/","title":{"rendered":"4\u00ba Curso de Farmacia y Cooperaci\u00f3n"},"content":{"rendered":"\n<p>M\u00e1s que Farmacia lanza en su plataforma docente la acci\u00f3n formativa del 4\u00ba Curso Farmacia y Cooperaci\u00f3n de veintiocho d\u00edas de duraci\u00f3n y formato online, que contar\u00e1 entre los tutores con profesionales de la farmacia humanitaria que han participado directamente en los proyectos que se van a exponer.<\/p>\n\n\n\n<p>Con el pretendemos introducir al alumno en el mundo social de la cooperaci\u00f3n prepar\u00e1ndolo para los retos que en la actualidad afronta el sector en el que la Agenda 2030 y los ODS est\u00e1n presentes en todas las actividades que realizan tanto ONG como empresas.<\/p>\n\n\n\n<p>El curso constar\u00e1 de cinco bloques en los que se estudiar\u00e1 la gesti\u00f3n administrativa, la cooperaci\u00f3n al desarrollo, la acci\u00f3n social y la comunicaci\u00f3n para el desarrollo.<\/p>\n\n\n\n<p>Ya puedes realizar tu preinscripci\u00f3n en:&nbsp;<a href=\"https:\/\/docs.google.com\/forms\/d\/e\/1FAIpQLSeoJptB3_mrEqL2jvkyy3CtTKV2bNNKOX5CUZ4Qm633ytMp9Q\/viewform?usp=sf_link\" target=\"_blank\" rel=\"noreferrer noopener\">https:\/\/docs.google.com\/forms\/d\/e\/1FAIpQLSeoJptB3_mrEqL2jvkyy3CtTKV2bNNKOX5CUZ4Qm633ytMp9Q\/viewform?usp=sf_link<\/a><\/p>\n\n\n\n<figure class=\"wp-block-image size-large is-resized\"><img fetchpriority=\"high\" decoding=\"async\" width=\"1024\" height=\"1024\" src=\"https:\/\/masquefarmacia.org\/wp-content\/uploads\/2024\/05\/CARTEL-4-CURSO-FARMACIA-Y-COOPERACION-1-HOJA-JUNIO-2024-1024x1024.jpg\" alt=\"\" class=\"wp-image-1864\" style=\"width:732px;height:auto\" srcset=\"https:\/\/masquefarmacia.org\/wp-content\/uploads\/2024\/05\/CARTEL-4-CURSO-FARMACIA-Y-COOPERACION-1-HOJA-JUNIO-2024-1024x1024.jpg 1024w, https:\/\/masquefarmacia.org\/wp-content\/uploads\/2024\/05\/CARTEL-4-CURSO-FARMACIA-Y-COOPERACION-1-HOJA-JUNIO-2024-300x300.jpg 300w, https:\/\/masquefarmacia.org\/wp-content\/uploads\/2024\/05\/CARTEL-4-CURSO-FARMACIA-Y-COOPERACION-1-HOJA-JUNIO-2024-150x150.jpg 150w, https:\/\/masquefarmacia.org\/wp-content\/uploads\/2024\/05\/CARTEL-4-CURSO-FARMACIA-Y-COOPERACION-1-HOJA-JUNIO-2024-768x768.jpg 768w, https:\/\/masquefarmacia.org\/wp-content\/uploads\/2024\/05\/CARTEL-4-CURSO-FARMACIA-Y-COOPERACION-1-HOJA-JUNIO-2024-600x600.jpg 600w, https:\/\/masquefarmacia.org\/wp-content\/uploads\/2024\/05\/CARTEL-4-CURSO-FARMACIA-Y-COOPERACION-1-HOJA-JUNIO-2024-100x100.jpg 100w, https:\/\/masquefarmacia.org\/wp-content\/uploads\/2024\/05\/CARTEL-4-CURSO-FARMACIA-Y-COOPERACION-1-HOJA-JUNIO-2024.jpg 1080w\" sizes=\"(max-width: 1024px) 100vw, 1024px\" \/><\/figure>\n\n\n\n<figure class=\"wp-block-image size-large\"><img decoding=\"async\" width=\"1024\" height=\"1024\" src=\"https:\/\/masquefarmacia.org\/wp-content\/uploads\/2024\/05\/CARTEL-4-CURSO-FARMACIA-Y-COOPERACION-2-HOJA-JUNIO-2024-1024x1024.jpg\" alt=\"\" class=\"wp-image-1865\" srcset=\"https:\/\/masquefarmacia.org\/wp-content\/uploads\/2024\/05\/CARTEL-4-CURSO-FARMACIA-Y-COOPERACION-2-HOJA-JUNIO-2024-1024x1024.jpg 1024w, https:\/\/masquefarmacia.org\/wp-content\/uploads\/2024\/05\/CARTEL-4-CURSO-FARMACIA-Y-COOPERACION-2-HOJA-JUNIO-2024-300x300.jpg 300w, https:\/\/masquefarmacia.org\/wp-content\/uploads\/2024\/05\/CARTEL-4-CURSO-FARMACIA-Y-COOPERACION-2-HOJA-JUNIO-2024-150x150.jpg 150w, https:\/\/masquefarmacia.org\/wp-content\/uploads\/2024\/05\/CARTEL-4-CURSO-FARMACIA-Y-COOPERACION-2-HOJA-JUNIO-2024-768x768.jpg 768w, https:\/\/masquefarmacia.org\/wp-content\/uploads\/2024\/05\/CARTEL-4-CURSO-FARMACIA-Y-COOPERACION-2-HOJA-JUNIO-2024-600x600.jpg 600w, https:\/\/masquefarmacia.org\/wp-content\/uploads\/2024\/05\/CARTEL-4-CURSO-FARMACIA-Y-COOPERACION-2-HOJA-JUNIO-2024-100x100.jpg 100w, https:\/\/masquefarmacia.org\/wp-content\/uploads\/2024\/05\/CARTEL-4-CURSO-FARMACIA-Y-COOPERACION-2-HOJA-JUNIO-2024.jpg 1080w\" sizes=\"(max-width: 1024px) 100vw, 1024px\" \/><\/figure>\n","protected":false},"excerpt":{"rendered":"<p>M\u00e1s que Farmacia lanza en su plataforma docente la acci\u00f3n formativa del 4\u00ba Curso Farmacia y Cooperaci\u00f3n de veintiocho d\u00edas de duraci\u00f3n y formato online, que contar\u00e1 entre los tutores con profesionales de la farmacia humanitaria que han participado directamente en los proyectos que se van a exponer. Con el pretendemos introducir al alumno en [&hellip;]<\/p>\n","protected":false},"author":2,"featured_media":1864,"comment_status":"open","ping_status":"open","sticky":false,"template":"","format":"standard","meta":{"_monsterinsights_skip_tracking":false,"_monsterinsights_sitenote_active":false,"_monsterinsights_sitenote_note":"","_monsterinsights_sitenote_category":0,"_jetpack_memberships_contains_paid_content":false,"footnotes":""},"categories":[25],"tags":[],"class_list":["post-1863","post","type-post","status-publish","format-standard","has-post-thumbnail","hentry","category-formacion"],"aioseo_notices":[],"jetpack_featured_media_url":"https:\/\/masquefarmacia.org\/wp-content\/uploads\/2024\/05\/CARTEL-4-CURSO-FARMACIA-Y-COOPERACION-1-HOJA-JUNIO-2024.jpg","jetpack_sharing_enabled":true,"_links":{"self":[{"href":"https:\/\/masquefarmacia.org\/index.php\/wp-json\/wp\/v2\/posts\/1863","targetHints":{"allow":["GET"]}}],"collection":[{"href":"https:\/\/masquefarmacia.org\/index.php\/wp-json\/wp\/v2\/posts"}],"about":[{"href":"https:\/\/masquefarmacia.org\/index.php\/wp-json\/wp\/v2\/types\/post"}],"author":[{"embeddable":true,"href":"https:\/\/masquefarmacia.org\/index.php\/wp-json\/wp\/v2\/users\/2"}],"replies":[{"embeddable":true,"href":"https:\/\/masquefarmacia.org\/index.php\/wp-json\/wp\/v2\/comments?post=1863"}],"version-history":[{"count":2,"href":"https:\/\/masquefarmacia.org\/index.php\/wp-json\/wp\/v2\/posts\/1863\/revisions"}],"predecessor-version":[{"id":1867,"href":"https:\/\/masquefarmacia.org\/index.php\/wp-json\/wp\/v2\/posts\/1863\/revisions\/1867"}],"wp:featuredmedia":[{"embeddable":true,"href":"https:\/\/masquefarmacia.org\/index.php\/wp-json\/wp\/v2\/media\/1864"}],"wp:attachment":[{"href":"https:\/\/masquefarmacia.org\/index.php\/wp-json\/wp\/v2\/media?parent=1863"}],"wp:term":[{"taxonomy":"category","embeddable":true,"href":"https:\/\/masquefarmacia.org\/index.php\/wp-json\/wp\/v2\/categories?post=1863"},{"taxonomy":"post_tag","embeddable":true,"href":"https:\/\/masquefarmacia.org\/index.php\/wp-json\/wp\/v2\/tags?post=1863"}],"curies":[{"name":"wp","href":"https:\/\/api.w.org\/{rel}","templated":true}]}}