{"id":1937,"date":"2024-05-19T10:37:26","date_gmt":"2024-05-19T10:37:26","guid":{"rendered":"https:\/\/masquefarmacia.org\/?p=1937"},"modified":"2024-07-03T14:53:08","modified_gmt":"2024-07-03T14:53:08","slug":"asociacion-la-plaza-creando-redes-y-alianzas","status":"publish","type":"post","link":"https:\/\/masquefarmacia.org\/index.php\/2024\/05\/19\/asociacion-la-plaza-creando-redes-y-alianzas\/","title":{"rendered":"Asociaci\u00f3n La Plaza: creando redes y alianzas, para informar y educar en salud a las personas vulnerables sinhogarismo"},"content":{"rendered":"\n<p>Hemos empezados a trabajar junto con la Asociaci\u00f3n La Plaza en Sevilla, creando redes y alianzas para mejorar la vida de las personas sin hogar.<\/p>\n\n\n\n<p>M\u00e1s que Farmacia acompa\u00f1a por las calles de Sevilla a los voluntarios de La Plaza para informar y educar en salud a las personas vulnerables sin hogar  y repartir entre ellos material de higiene y protecci\u00f3n, intentando conseguir mejorar su calidad de vida.<br>La Plaza acompa\u00f1a, escucha, asesora y facilita todo tipo de informaci\u00f3n, colaboran en el programa de retorno voluntario, derivados a nuestros abogados amigos cuando demandan ayuda jur\u00eddica, acompa\u00f1an a centros espec\u00edficos dependiendo del perfil de la persona etc.<br>En realidad dar un bocadillo y la ropa es s\u00f3lo la excusa para acercarse a ellos.<br>La \u00faltima finalidad de La Plaza es que salgan de la calle ya que consideran una injusticia que va m\u00e1s all\u00e1 de la exclusi\u00f3n social.<br>Estamos felices de crear lazos con ustedes por el bien de nuestros acogidos y amigos.<br>Bienvenida sea esta alianza<\/p>\n\n\n\n<figure class=\"wp-block-image\"><img decoding=\"async\" src=\"https:\/\/fonts.gstatic.com\/s\/e\/notoemoji\/15.0\/2764_fe0f\/72.png\" alt=\"\u2764\ufe0f\"\/><\/figure>\n\n\n\n<figure class=\"wp-block-image size-large is-resized\"><img fetchpriority=\"high\" decoding=\"async\" width=\"1024\" height=\"768\" src=\"https:\/\/masquefarmacia.org\/wp-content\/uploads\/2024\/05\/LA-PLAZA-17-05-24-12-1024x768.jpg\" alt=\"\" class=\"wp-image-1938\" style=\"width:428px;height:auto\" srcset=\"https:\/\/masquefarmacia.org\/wp-content\/uploads\/2024\/05\/LA-PLAZA-17-05-24-12-1024x768.jpg 1024w, https:\/\/masquefarmacia.org\/wp-content\/uploads\/2024\/05\/LA-PLAZA-17-05-24-12-300x225.jpg 300w, https:\/\/masquefarmacia.org\/wp-content\/uploads\/2024\/05\/LA-PLAZA-17-05-24-12-768x576.jpg 768w, https:\/\/masquefarmacia.org\/wp-content\/uploads\/2024\/05\/LA-PLAZA-17-05-24-12-1536x1152.jpg 1536w, https:\/\/masquefarmacia.org\/wp-content\/uploads\/2024\/05\/LA-PLAZA-17-05-24-12-1320x990.jpg 1320w, https:\/\/masquefarmacia.org\/wp-content\/uploads\/2024\/05\/LA-PLAZA-17-05-24-12-600x450.jpg 600w, https:\/\/masquefarmacia.org\/wp-content\/uploads\/2024\/05\/LA-PLAZA-17-05-24-12.jpg 2016w\" sizes=\"(max-width: 1024px) 100vw, 1024px\" \/><\/figure>\n\n\n\n<figure class=\"wp-block-image size-large is-resized\"><img decoding=\"async\" width=\"1024\" height=\"768\" src=\"https:\/\/masquefarmacia.org\/wp-content\/uploads\/2024\/05\/LA-PLAZA-17-05-24-3-1024x768.jpg\" alt=\"\" class=\"wp-image-1939\" style=\"width:428px;height:auto\" srcset=\"https:\/\/masquefarmacia.org\/wp-content\/uploads\/2024\/05\/LA-PLAZA-17-05-24-3-1024x768.jpg 1024w, https:\/\/masquefarmacia.org\/wp-content\/uploads\/2024\/05\/LA-PLAZA-17-05-24-3-300x225.jpg 300w, https:\/\/masquefarmacia.org\/wp-content\/uploads\/2024\/05\/LA-PLAZA-17-05-24-3-768x576.jpg 768w, https:\/\/masquefarmacia.org\/wp-content\/uploads\/2024\/05\/LA-PLAZA-17-05-24-3-1536x1152.jpg 1536w, https:\/\/masquefarmacia.org\/wp-content\/uploads\/2024\/05\/LA-PLAZA-17-05-24-3-1320x990.jpg 1320w, https:\/\/masquefarmacia.org\/wp-content\/uploads\/2024\/05\/LA-PLAZA-17-05-24-3-600x450.jpg 600w, https:\/\/masquefarmacia.org\/wp-content\/uploads\/2024\/05\/LA-PLAZA-17-05-24-3.jpg 2016w\" sizes=\"(max-width: 1024px) 100vw, 1024px\" \/><\/figure>\n\n\n\n<figure class=\"wp-block-image size-large is-resized\"><img decoding=\"async\" width=\"768\" height=\"1024\" src=\"https:\/\/masquefarmacia.org\/wp-content\/uploads\/2024\/05\/LA-PLAZA-17-05-24-1-768x1024.jpg\" alt=\"\" class=\"wp-image-1940\" style=\"width:430px;height:auto\" srcset=\"https:\/\/masquefarmacia.org\/wp-content\/uploads\/2024\/05\/LA-PLAZA-17-05-24-1-768x1024.jpg 768w, https:\/\/masquefarmacia.org\/wp-content\/uploads\/2024\/05\/LA-PLAZA-17-05-24-1-225x300.jpg 225w, https:\/\/masquefarmacia.org\/wp-content\/uploads\/2024\/05\/LA-PLAZA-17-05-24-1-1152x1536.jpg 1152w, https:\/\/masquefarmacia.org\/wp-content\/uploads\/2024\/05\/LA-PLAZA-17-05-24-1-1320x1760.jpg 1320w, https:\/\/masquefarmacia.org\/wp-content\/uploads\/2024\/05\/LA-PLAZA-17-05-24-1-600x800.jpg 600w\" sizes=\"(max-width: 768px) 100vw, 768px\" \/><\/figure>\n","protected":false},"excerpt":{"rendered":"<p>Hemos empezados a trabajar junto con la Asociaci\u00f3n La Plaza en Sevilla, creando redes y alianzas para mejorar la vida de las personas sin hogar. M\u00e1s que Farmacia acompa\u00f1a por las calles de Sevilla a los voluntarios de La Plaza para informar y educar en salud a las personas vulnerables sin hogar y repartir entre [&hellip;]<\/p>\n","protected":false},"author":2,"featured_media":1938,"comment_status":"open","ping_status":"open","sticky":false,"template":"","format":"standard","meta":{"_monsterinsights_skip_tracking":false,"_monsterinsights_sitenote_active":false,"_monsterinsights_sitenote_note":"","_monsterinsights_sitenote_category":0,"_jetpack_memberships_contains_paid_content":false,"footnotes":""},"categories":[20],"tags":[],"class_list":["post-1937","post","type-post","status-publish","format-standard","has-post-thumbnail","hentry","category-accion-social"],"aioseo_notices":[],"jetpack_featured_media_url":"https:\/\/masquefarmacia.org\/wp-content\/uploads\/2024\/05\/LA-PLAZA-17-05-24-12.jpg","jetpack_sharing_enabled":true,"_links":{"self":[{"href":"https:\/\/masquefarmacia.org\/index.php\/wp-json\/wp\/v2\/posts\/1937","targetHints":{"allow":["GET"]}}],"collection":[{"href":"https:\/\/masquefarmacia.org\/index.php\/wp-json\/wp\/v2\/posts"}],"about":[{"href":"https:\/\/masquefarmacia.org\/index.php\/wp-json\/wp\/v2\/types\/post"}],"author":[{"embeddable":true,"href":"https:\/\/masquefarmacia.org\/index.php\/wp-json\/wp\/v2\/users\/2"}],"replies":[{"embeddable":true,"href":"https:\/\/masquefarmacia.org\/index.php\/wp-json\/wp\/v2\/comments?post=1937"}],"version-history":[{"count":3,"href":"https:\/\/masquefarmacia.org\/index.php\/wp-json\/wp\/v2\/posts\/1937\/revisions"}],"predecessor-version":[{"id":2694,"href":"https:\/\/masquefarmacia.org\/index.php\/wp-json\/wp\/v2\/posts\/1937\/revisions\/2694"}],"wp:featuredmedia":[{"embeddable":true,"href":"https:\/\/masquefarmacia.org\/index.php\/wp-json\/wp\/v2\/media\/1938"}],"wp:attachment":[{"href":"https:\/\/masquefarmacia.org\/index.php\/wp-json\/wp\/v2\/media?parent=1937"}],"wp:term":[{"taxonomy":"category","embeddable":true,"href":"https:\/\/masquefarmacia.org\/index.php\/wp-json\/wp\/v2\/categories?post=1937"},{"taxonomy":"post_tag","embeddable":true,"href":"https:\/\/masquefarmacia.org\/index.php\/wp-json\/wp\/v2\/tags?post=1937"}],"curies":[{"name":"wp","href":"https:\/\/api.w.org\/{rel}","templated":true}]}}