{"id":2126,"date":"2024-06-14T09:46:55","date_gmt":"2024-06-14T09:46:55","guid":{"rendered":"https:\/\/masquefarmacia.org\/?p=2126"},"modified":"2024-06-14T09:46:58","modified_gmt":"2024-06-14T09:46:58","slug":"curso-de-rcp-y-soporte-vital-basico-para-personas-en-vulnerabilidad-social","status":"publish","type":"post","link":"https:\/\/masquefarmacia.org\/index.php\/2024\/06\/14\/curso-de-rcp-y-soporte-vital-basico-para-personas-en-vulnerabilidad-social\/","title":{"rendered":"CURSO de RCP y Soporte Vital B\u00e1sico para personas en vulnerabilidad social"},"content":{"rendered":"\n<p>Hemos organizado un Curso de RCP y Soporte Vital B\u00e1sico para las personas vulnerables sinhogarismo en la Asociaci\u00f3n Elige la Vida e impartido por m\u00e9dicos del 061 de Sevilla, con el fin de formarlo en dichas t\u00e9cnicas y saber actuar en caso de necesidad, para poder ayudar y poner su granito como miembros de la sociedad.<\/p>\n\n\n\n<p>Como ventajas de dicho curso tenemos:<\/p>\n\n\n\n<ol class=\"wp-block-list\">\n<li><strong>Mejora en la seguridad y supervivencia<\/strong>: Las personas sinhogarismo pueden enfrentar situaciones de emergencia y peligro constantemente. Aprender t\u00e9cnicas de RCP puede ayudarles a salvar vidas, incluyendo la suya propia, en caso de una parada card\u00edaca o una emergencia m\u00e9dica.<\/li>\n\n\n\n<li><strong>Incrementa la confianza y autonom\u00eda<\/strong>: Al aprender RCP, estas personas pueden desarrollar una mayor confianza en s\u00ed mismas y sentirse m\u00e1s capaces de manejar situaciones cr\u00edticas, lo que puede mejorar su calidad de vida y reducir el estr\u00e9s.<\/li>\n\n\n\n<li><strong>Fomenta la inclusi\u00f3n y empoderamiento<\/strong>: Incluir a personas vulnerables sinhogarismo en cursos de RCP puede ayudar a reducir las desigualdades y promover la inclusi\u00f3n social. Al ense\u00f1arles habilidades que pueden aplicar en su vida diaria, se les brinda una oportunidad para sentirse m\u00e1s parte de la sociedad y desarrollar una mayor autoestima.<\/li>\n\n\n\n<li><strong>Mejora la salud y bienestar<\/strong>: Al aprender t\u00e9cnicas de RCP, las personas sinhogarismo pueden sentirse m\u00e1s seguras y confiadas en su capacidad para manejar situaciones m\u00e9dicas, lo que puede mejorar su salud y bienestar en general.<\/li>\n\n\n\n<li><strong>Incrementa la conciencia y educaci\u00f3n<\/strong>: Los cursos de RCP pueden ser una oportunidad para educar a estas personas sobre la importancia de la salud y la prevenci\u00f3n de emergencias, lo que puede llevar a una mayor conciencia y participaci\u00f3n en la promoci\u00f3n de la salud.<\/li>\n<\/ol>\n\n\n\n<p>Gracias a Agust\u00edn por su paciencia y gran formaci\u00f3n impartida adaptada a dichas personas y tambi\u00e9n al 061 de Sevilla.<\/p>\n\n\n\n<figure class=\"wp-block-image size-large is-resized\"><img fetchpriority=\"high\" decoding=\"async\" width=\"724\" height=\"1024\" src=\"https:\/\/masquefarmacia.org\/wp-content\/uploads\/2024\/06\/CARTEL-CURSO-RCP-VULNERABALES-ELIGE-LA-VIDA-724x1024.jpg\" alt=\"\" class=\"wp-image-2127\" style=\"width:528px;height:auto\" srcset=\"https:\/\/masquefarmacia.org\/wp-content\/uploads\/2024\/06\/CARTEL-CURSO-RCP-VULNERABALES-ELIGE-LA-VIDA-724x1024.jpg 724w, https:\/\/masquefarmacia.org\/wp-content\/uploads\/2024\/06\/CARTEL-CURSO-RCP-VULNERABALES-ELIGE-LA-VIDA-212x300.jpg 212w, https:\/\/masquefarmacia.org\/wp-content\/uploads\/2024\/06\/CARTEL-CURSO-RCP-VULNERABALES-ELIGE-LA-VIDA-768x1086.jpg 768w, https:\/\/masquefarmacia.org\/wp-content\/uploads\/2024\/06\/CARTEL-CURSO-RCP-VULNERABALES-ELIGE-LA-VIDA-1086x1536.jpg 1086w, https:\/\/masquefarmacia.org\/wp-content\/uploads\/2024\/06\/CARTEL-CURSO-RCP-VULNERABALES-ELIGE-LA-VIDA-600x849.jpg 600w, https:\/\/masquefarmacia.org\/wp-content\/uploads\/2024\/06\/CARTEL-CURSO-RCP-VULNERABALES-ELIGE-LA-VIDA.jpg 1131w\" sizes=\"(max-width: 724px) 100vw, 724px\" \/><\/figure>\n\n\n\n<figure class=\"wp-block-image size-large is-resized\"><img decoding=\"async\" width=\"1024\" height=\"768\" src=\"https:\/\/masquefarmacia.org\/wp-content\/uploads\/2024\/06\/TALLER-RCP-ELIGE-LA-VIDA-2024-14-1024x768.jpg\" alt=\"\" class=\"wp-image-2129\" style=\"width:418px;height:auto\" srcset=\"https:\/\/masquefarmacia.org\/wp-content\/uploads\/2024\/06\/TALLER-RCP-ELIGE-LA-VIDA-2024-14-1024x768.jpg 1024w, https:\/\/masquefarmacia.org\/wp-content\/uploads\/2024\/06\/TALLER-RCP-ELIGE-LA-VIDA-2024-14-300x225.jpg 300w, https:\/\/masquefarmacia.org\/wp-content\/uploads\/2024\/06\/TALLER-RCP-ELIGE-LA-VIDA-2024-14-768x576.jpg 768w, https:\/\/masquefarmacia.org\/wp-content\/uploads\/2024\/06\/TALLER-RCP-ELIGE-LA-VIDA-2024-14-1536x1152.jpg 1536w, https:\/\/masquefarmacia.org\/wp-content\/uploads\/2024\/06\/TALLER-RCP-ELIGE-LA-VIDA-2024-14-1320x990.jpg 1320w, https:\/\/masquefarmacia.org\/wp-content\/uploads\/2024\/06\/TALLER-RCP-ELIGE-LA-VIDA-2024-14-600x450.jpg 600w, https:\/\/masquefarmacia.org\/wp-content\/uploads\/2024\/06\/TALLER-RCP-ELIGE-LA-VIDA-2024-14.jpg 2016w\" sizes=\"(max-width: 1024px) 100vw, 1024px\" \/><\/figure>\n\n\n\n<figure class=\"wp-block-image size-large is-resized\"><img decoding=\"async\" width=\"768\" height=\"1024\" src=\"https:\/\/masquefarmacia.org\/wp-content\/uploads\/2024\/06\/TALLER-RCP-ELIGE-LA-VIDA-2024-54-768x1024.jpg\" alt=\"\" class=\"wp-image-2130\" style=\"width:403px;height:auto\" srcset=\"https:\/\/masquefarmacia.org\/wp-content\/uploads\/2024\/06\/TALLER-RCP-ELIGE-LA-VIDA-2024-54-768x1024.jpg 768w, https:\/\/masquefarmacia.org\/wp-content\/uploads\/2024\/06\/TALLER-RCP-ELIGE-LA-VIDA-2024-54-225x300.jpg 225w, https:\/\/masquefarmacia.org\/wp-content\/uploads\/2024\/06\/TALLER-RCP-ELIGE-LA-VIDA-2024-54-1152x1536.jpg 1152w, https:\/\/masquefarmacia.org\/wp-content\/uploads\/2024\/06\/TALLER-RCP-ELIGE-LA-VIDA-2024-54-1320x1760.jpg 1320w, https:\/\/masquefarmacia.org\/wp-content\/uploads\/2024\/06\/TALLER-RCP-ELIGE-LA-VIDA-2024-54-600x800.jpg 600w, https:\/\/masquefarmacia.org\/wp-content\/uploads\/2024\/06\/TALLER-RCP-ELIGE-LA-VIDA-2024-54.jpg 1512w\" sizes=\"(max-width: 768px) 100vw, 768px\" \/><\/figure>\n\n\n\n<figure class=\"wp-block-image size-large is-resized\"><img loading=\"lazy\" decoding=\"async\" width=\"768\" height=\"1024\" src=\"https:\/\/masquefarmacia.org\/wp-content\/uploads\/2024\/06\/TALLER-RCP-ELIGE-LA-VIDA-2024-58-768x1024.jpg\" alt=\"\" class=\"wp-image-2131\" style=\"width:398px;height:auto\" srcset=\"https:\/\/masquefarmacia.org\/wp-content\/uploads\/2024\/06\/TALLER-RCP-ELIGE-LA-VIDA-2024-58-768x1024.jpg 768w, https:\/\/masquefarmacia.org\/wp-content\/uploads\/2024\/06\/TALLER-RCP-ELIGE-LA-VIDA-2024-58-225x300.jpg 225w, https:\/\/masquefarmacia.org\/wp-content\/uploads\/2024\/06\/TALLER-RCP-ELIGE-LA-VIDA-2024-58-1152x1536.jpg 1152w, https:\/\/masquefarmacia.org\/wp-content\/uploads\/2024\/06\/TALLER-RCP-ELIGE-LA-VIDA-2024-58-1320x1760.jpg 1320w, https:\/\/masquefarmacia.org\/wp-content\/uploads\/2024\/06\/TALLER-RCP-ELIGE-LA-VIDA-2024-58-600x800.jpg 600w, https:\/\/masquefarmacia.org\/wp-content\/uploads\/2024\/06\/TALLER-RCP-ELIGE-LA-VIDA-2024-58.jpg 1512w\" sizes=\"(max-width: 768px) 100vw, 768px\" \/><\/figure>\n\n\n\n<figure class=\"wp-block-image size-large is-resized\"><img loading=\"lazy\" decoding=\"async\" width=\"768\" height=\"1024\" src=\"https:\/\/masquefarmacia.org\/wp-content\/uploads\/2024\/06\/TALLER-RCP-ELIGE-LA-VIDA-2024-53-768x1024.jpg\" alt=\"\" class=\"wp-image-2132\" style=\"width:398px;height:auto\" srcset=\"https:\/\/masquefarmacia.org\/wp-content\/uploads\/2024\/06\/TALLER-RCP-ELIGE-LA-VIDA-2024-53-768x1024.jpg 768w, https:\/\/masquefarmacia.org\/wp-content\/uploads\/2024\/06\/TALLER-RCP-ELIGE-LA-VIDA-2024-53-225x300.jpg 225w, https:\/\/masquefarmacia.org\/wp-content\/uploads\/2024\/06\/TALLER-RCP-ELIGE-LA-VIDA-2024-53-1152x1536.jpg 1152w, https:\/\/masquefarmacia.org\/wp-content\/uploads\/2024\/06\/TALLER-RCP-ELIGE-LA-VIDA-2024-53-1320x1760.jpg 1320w, https:\/\/masquefarmacia.org\/wp-content\/uploads\/2024\/06\/TALLER-RCP-ELIGE-LA-VIDA-2024-53-600x800.jpg 600w, https:\/\/masquefarmacia.org\/wp-content\/uploads\/2024\/06\/TALLER-RCP-ELIGE-LA-VIDA-2024-53-rotated.jpg 1512w\" sizes=\"(max-width: 768px) 100vw, 768px\" \/><\/figure>\n\n\n\n<figure class=\"wp-block-image size-large is-resized\"><img loading=\"lazy\" decoding=\"async\" width=\"768\" height=\"1024\" src=\"https:\/\/masquefarmacia.org\/wp-content\/uploads\/2024\/06\/TALLER-RCP-ELIGE-LA-VIDA-2024-62-768x1024.jpg\" alt=\"\" class=\"wp-image-2133\" style=\"width:401px;height:auto\" srcset=\"https:\/\/masquefarmacia.org\/wp-content\/uploads\/2024\/06\/TALLER-RCP-ELIGE-LA-VIDA-2024-62-768x1024.jpg 768w, https:\/\/masquefarmacia.org\/wp-content\/uploads\/2024\/06\/TALLER-RCP-ELIGE-LA-VIDA-2024-62-225x300.jpg 225w, https:\/\/masquefarmacia.org\/wp-content\/uploads\/2024\/06\/TALLER-RCP-ELIGE-LA-VIDA-2024-62-1152x1536.jpg 1152w, https:\/\/masquefarmacia.org\/wp-content\/uploads\/2024\/06\/TALLER-RCP-ELIGE-LA-VIDA-2024-62-1320x1760.jpg 1320w, https:\/\/masquefarmacia.org\/wp-content\/uploads\/2024\/06\/TALLER-RCP-ELIGE-LA-VIDA-2024-62-600x800.jpg 600w, https:\/\/masquefarmacia.org\/wp-content\/uploads\/2024\/06\/TALLER-RCP-ELIGE-LA-VIDA-2024-62.jpg 1512w\" sizes=\"(max-width: 768px) 100vw, 768px\" \/><\/figure>\n\n\n\n<figure class=\"wp-block-image size-large is-resized\"><img loading=\"lazy\" decoding=\"async\" width=\"768\" height=\"1024\" src=\"https:\/\/masquefarmacia.org\/wp-content\/uploads\/2024\/06\/TALLER-RCP-ELIGE-LA-VIDA-2024-63-768x1024.jpg\" alt=\"\" class=\"wp-image-2134\" style=\"width:397px;height:auto\" srcset=\"https:\/\/masquefarmacia.org\/wp-content\/uploads\/2024\/06\/TALLER-RCP-ELIGE-LA-VIDA-2024-63-768x1024.jpg 768w, https:\/\/masquefarmacia.org\/wp-content\/uploads\/2024\/06\/TALLER-RCP-ELIGE-LA-VIDA-2024-63-225x300.jpg 225w, https:\/\/masquefarmacia.org\/wp-content\/uploads\/2024\/06\/TALLER-RCP-ELIGE-LA-VIDA-2024-63-1152x1536.jpg 1152w, https:\/\/masquefarmacia.org\/wp-content\/uploads\/2024\/06\/TALLER-RCP-ELIGE-LA-VIDA-2024-63-1320x1760.jpg 1320w, https:\/\/masquefarmacia.org\/wp-content\/uploads\/2024\/06\/TALLER-RCP-ELIGE-LA-VIDA-2024-63-600x800.jpg 600w, https:\/\/masquefarmacia.org\/wp-content\/uploads\/2024\/06\/TALLER-RCP-ELIGE-LA-VIDA-2024-63.jpg 1512w\" sizes=\"(max-width: 768px) 100vw, 768px\" \/><\/figure>\n\n\n\n<figure class=\"wp-block-image size-large\"><img loading=\"lazy\" decoding=\"async\" width=\"1024\" height=\"768\" src=\"https:\/\/masquefarmacia.org\/wp-content\/uploads\/2024\/06\/TALLER-RCP-ELIGE-LA-VIDA-2024-65-1024x768.jpg\" alt=\"\" class=\"wp-image-2135\" srcset=\"https:\/\/masquefarmacia.org\/wp-content\/uploads\/2024\/06\/TALLER-RCP-ELIGE-LA-VIDA-2024-65-1024x768.jpg 1024w, https:\/\/masquefarmacia.org\/wp-content\/uploads\/2024\/06\/TALLER-RCP-ELIGE-LA-VIDA-2024-65-300x225.jpg 300w, https:\/\/masquefarmacia.org\/wp-content\/uploads\/2024\/06\/TALLER-RCP-ELIGE-LA-VIDA-2024-65-768x576.jpg 768w, https:\/\/masquefarmacia.org\/wp-content\/uploads\/2024\/06\/TALLER-RCP-ELIGE-LA-VIDA-2024-65-1536x1152.jpg 1536w, https:\/\/masquefarmacia.org\/wp-content\/uploads\/2024\/06\/TALLER-RCP-ELIGE-LA-VIDA-2024-65-1320x990.jpg 1320w, https:\/\/masquefarmacia.org\/wp-content\/uploads\/2024\/06\/TALLER-RCP-ELIGE-LA-VIDA-2024-65-600x450.jpg 600w, https:\/\/masquefarmacia.org\/wp-content\/uploads\/2024\/06\/TALLER-RCP-ELIGE-LA-VIDA-2024-65.jpg 2016w\" sizes=\"(max-width: 1024px) 100vw, 1024px\" \/><\/figure>\n","protected":false},"excerpt":{"rendered":"<p>Hemos organizado un Curso de RCP y Soporte Vital B\u00e1sico para las personas vulnerables sinhogarismo en la Asociaci\u00f3n Elige la Vida e impartido por m\u00e9dicos del 061 de Sevilla, con el fin de formarlo en dichas t\u00e9cnicas y saber actuar en caso de necesidad, para poder ayudar y poner su granito como miembros de la [&hellip;]<\/p>\n","protected":false},"author":2,"featured_media":2127,"comment_status":"open","ping_status":"open","sticky":false,"template":"","format":"standard","meta":{"_monsterinsights_skip_tracking":false,"_monsterinsights_sitenote_active":false,"_monsterinsights_sitenote_note":"","_monsterinsights_sitenote_category":0,"_jetpack_memberships_contains_paid_content":false,"footnotes":""},"categories":[20],"tags":[],"class_list":["post-2126","post","type-post","status-publish","format-standard","has-post-thumbnail","hentry","category-accion-social"],"aioseo_notices":[],"jetpack_featured_media_url":"https:\/\/masquefarmacia.org\/wp-content\/uploads\/2024\/06\/CARTEL-CURSO-RCP-VULNERABALES-ELIGE-LA-VIDA.jpg","jetpack_sharing_enabled":true,"_links":{"self":[{"href":"https:\/\/masquefarmacia.org\/index.php\/wp-json\/wp\/v2\/posts\/2126","targetHints":{"allow":["GET"]}}],"collection":[{"href":"https:\/\/masquefarmacia.org\/index.php\/wp-json\/wp\/v2\/posts"}],"about":[{"href":"https:\/\/masquefarmacia.org\/index.php\/wp-json\/wp\/v2\/types\/post"}],"author":[{"embeddable":true,"href":"https:\/\/masquefarmacia.org\/index.php\/wp-json\/wp\/v2\/users\/2"}],"replies":[{"embeddable":true,"href":"https:\/\/masquefarmacia.org\/index.php\/wp-json\/wp\/v2\/comments?post=2126"}],"version-history":[{"count":2,"href":"https:\/\/masquefarmacia.org\/index.php\/wp-json\/wp\/v2\/posts\/2126\/revisions"}],"predecessor-version":[{"id":2137,"href":"https:\/\/masquefarmacia.org\/index.php\/wp-json\/wp\/v2\/posts\/2126\/revisions\/2137"}],"wp:featuredmedia":[{"embeddable":true,"href":"https:\/\/masquefarmacia.org\/index.php\/wp-json\/wp\/v2\/media\/2127"}],"wp:attachment":[{"href":"https:\/\/masquefarmacia.org\/index.php\/wp-json\/wp\/v2\/media?parent=2126"}],"wp:term":[{"taxonomy":"category","embeddable":true,"href":"https:\/\/masquefarmacia.org\/index.php\/wp-json\/wp\/v2\/categories?post=2126"},{"taxonomy":"post_tag","embeddable":true,"href":"https:\/\/masquefarmacia.org\/index.php\/wp-json\/wp\/v2\/tags?post=2126"}],"curies":[{"name":"wp","href":"https:\/\/api.w.org\/{rel}","templated":true}]}}