{"id":2725,"date":"2024-07-11T10:20:01","date_gmt":"2024-07-11T10:20:01","guid":{"rendered":"https:\/\/masquefarmacia.org\/?p=2725"},"modified":"2024-07-11T10:23:09","modified_gmt":"2024-07-11T10:23:09","slug":"mas-que-farmacia-y-el-consejo-superior-de-salud-publica-de-el-salvador-firman-un-convenio-de-colaboracion-para-desarrollar-proyectos-formativos-y-de-atencion-social","status":"publish","type":"post","link":"https:\/\/masquefarmacia.org\/index.php\/2024\/07\/11\/mas-que-farmacia-y-el-consejo-superior-de-salud-publica-de-el-salvador-firman-un-convenio-de-colaboracion-para-desarrollar-proyectos-formativos-y-de-atencion-social\/","title":{"rendered":"Firma de Convenio con el Consejo Superior de Salud Publica de El Salvador para desarrollar proyectos formativos y de atenci\u00f3n social"},"content":{"rendered":"\n<p>La ONG M\u00e1s Que Farmacia y el Consejo Superior de Salud P\u00fablica de El Salvador han firmado un convenio de colaboraci\u00f3n para la puesta en marcha de varios proyectos de formaci\u00f3n a farmac\u00e9uticos salvadore\u00f1os en el \u00e1mbito de la <em>salud p\u00fablica, la atenci\u00f3n sociosanitaria y la atenci\u00f3n farmac\u00e9utica<\/em>.<\/p>\n\n\n\n<p>El convenio, firmado el pasado diez de julio por el presidente del Consejo Superior de Salud P\u00fablica de El Salvador D. El\u00edas Daniel Quinteros Valle y el de M\u00e1s que Farmacia, D. Jes\u00fas S\u00e1nchez Burs\u00f3n supone el acuerdo para la realizaci\u00f3n de proyectos de formaci\u00f3n tanto online como en terreno, dise\u00f1ados e impartidos por los profesionales sanitarios de la ONG espa\u00f1ola, adem\u00e1s de otros profesionales que colaboran de forma peri\u00f3dica con M\u00e1s que Farmacia.<\/p>\n\n\n\n<p>En palabras de Jes\u00fas S\u00e1nchez, <em>el proyecto supone un avance en nuestro trabajo de cooperaci\u00f3n, porque comenzamos a trabajar con instituciones sanitarias en terreno, facilitando la posibilidad de compartir conocimientos y experiencias que mejoren la salud de las poblaciones a las que llegamos, en este caso en El Salvador.<\/em><\/p>\n\n\n\n<p>El primer proyecto a desarrollar ser\u00e1 la formaci\u00f3n en salud p\u00fablica y atenci\u00f3n social, integrando en la atenci\u00f3n sanitaria que presta el farmac\u00e9utico aspectos relacionados con los determinantes sociales de la salud, tan importantes en poblaciones con un alto grado de vulnerabilidad en la poblaci\u00f3n.<\/p>\n\n\n\n<p>Adem\u00e1s de la formaci\u00f3n, se contempla el desarrollo de campa\u00f1as de salud p\u00fablica para desarrollar desde las farmacias salvadore\u00f1as.<\/p>\n\n\n\n<p>De cara a 2025, se est\u00e1n preparando dos proyectos dirigidos a integrar la atenci\u00f3n farmac\u00e9utica y los servicios profesionales en la farmacia.<\/p>\n\n\n\n<p>Se incluyen im\u00e1genes del acto.<\/p>\n\n\n\n<p>SOBRE EL CONSEJO SUPERIOR DE SALUD P\u00daBLICA DE EL SALVADOR: Instituci\u00f3n de Derecho P\u00fablico de El Salvador cuya funci\u00f3n principal atribuida constitucionalmente es velar por la salud del pueblo, verificando el cumplimiento de la ley, vigilando el ejercicio de la profesi\u00f3n y disciplinas relacionadas, as\u00ed como el funcionamiento de los establecimientos de salud, contando para ello con personal competente y comprometido en brindar servicios de calidad a la poblaci\u00f3n.<\/p>\n\n\n\n<p>SOBRE M\u00c1S QUE FARMACIA ORG: Somos una asociaci\u00f3n sanitaria Asociaci\u00f3n creada por un grupo de personas con vocaci\u00f3n social, que engloba a expertos del mundo sanitario y no sanitario dentro de la Cooperaci\u00f3n, (farmac\u00e9uticos, m\u00e9dicos, enfermer\u00eda y trabajo social) y directivos de la industria farmac\u00e9utica.<\/p>\n\n\n\n<p>La Asociaci\u00f3n tiene como fin fundamental prestar asistencia sanitaria a poblaciones en situaci\u00f3n de vulnerabilidad social, tanto en pa\u00edses en v\u00edas de desarrollo como en las bolsas de pobreza de los pa\u00edses desarrollados a trav\u00e9s de la colaboraci\u00f3n en este trabajo entre diferentes sectores sanitarios.<\/p>\n\n\n\n<figure class=\"wp-block-image size-large\"><img fetchpriority=\"high\" decoding=\"async\" width=\"1024\" height=\"576\" src=\"https:\/\/masquefarmacia.org\/wp-content\/uploads\/2024\/07\/NOTA-PRENSA-foto_firma-convenio-consejo-el-salvador-1024x576.jpg\" alt=\"\" class=\"wp-image-2726\" srcset=\"https:\/\/masquefarmacia.org\/wp-content\/uploads\/2024\/07\/NOTA-PRENSA-foto_firma-convenio-consejo-el-salvador-1024x576.jpg 1024w, https:\/\/masquefarmacia.org\/wp-content\/uploads\/2024\/07\/NOTA-PRENSA-foto_firma-convenio-consejo-el-salvador-300x169.jpg 300w, https:\/\/masquefarmacia.org\/wp-content\/uploads\/2024\/07\/NOTA-PRENSA-foto_firma-convenio-consejo-el-salvador-768x432.jpg 768w, https:\/\/masquefarmacia.org\/wp-content\/uploads\/2024\/07\/NOTA-PRENSA-foto_firma-convenio-consejo-el-salvador-600x338.jpg 600w, https:\/\/masquefarmacia.org\/wp-content\/uploads\/2024\/07\/NOTA-PRENSA-foto_firma-convenio-consejo-el-salvador.jpg 1280w\" sizes=\"(max-width: 1024px) 100vw, 1024px\" \/><\/figure>\n\n\n\n<figure class=\"wp-block-image size-full is-resized\"><img decoding=\"async\" width=\"225\" height=\"225\" src=\"https:\/\/masquefarmacia.org\/wp-content\/uploads\/2024\/07\/LOGO-CONSEJO-SUPERIOR-SALUD-PUBLICA-EL-SALVADOR.png\" alt=\"\" class=\"wp-image-2727\" style=\"width:324px;height:auto\" srcset=\"https:\/\/masquefarmacia.org\/wp-content\/uploads\/2024\/07\/LOGO-CONSEJO-SUPERIOR-SALUD-PUBLICA-EL-SALVADOR.png 225w, https:\/\/masquefarmacia.org\/wp-content\/uploads\/2024\/07\/LOGO-CONSEJO-SUPERIOR-SALUD-PUBLICA-EL-SALVADOR-150x150.png 150w, https:\/\/masquefarmacia.org\/wp-content\/uploads\/2024\/07\/LOGO-CONSEJO-SUPERIOR-SALUD-PUBLICA-EL-SALVADOR-100x100.png 100w\" sizes=\"(max-width: 225px) 100vw, 225px\" \/><\/figure>\n\n\n\n<figure class=\"wp-block-image size-full is-resized\"><img decoding=\"async\" width=\"250\" height=\"300\" src=\"https:\/\/masquefarmacia.org\/wp-content\/uploads\/2024\/07\/LOGO-JUNTA-VIGILANCIA-PROFESIONAL-QUIMICO-FARMACEUTICA-EL-SALVADOR.png\" alt=\"\" class=\"wp-image-2728\" style=\"width:315px;height:auto\"\/><\/figure>\n","protected":false},"excerpt":{"rendered":"<p>La ONG M\u00e1s Que Farmacia y el Consejo Superior de Salud P\u00fablica de El Salvador han firmado un convenio de colaboraci\u00f3n para la puesta en marcha de varios proyectos de formaci\u00f3n a farmac\u00e9uticos salvadore\u00f1os en el \u00e1mbito de la salud p\u00fablica, la atenci\u00f3n sociosanitaria y la atenci\u00f3n farmac\u00e9utica. El convenio, firmado el pasado diez de [&hellip;]<\/p>\n","protected":false},"author":2,"featured_media":2726,"comment_status":"open","ping_status":"open","sticky":false,"template":"","format":"standard","meta":{"_monsterinsights_skip_tracking":false,"_monsterinsights_sitenote_active":false,"_monsterinsights_sitenote_note":"","_monsterinsights_sitenote_category":0,"_jetpack_memberships_contains_paid_content":false,"footnotes":""},"categories":[21],"tags":[],"class_list":["post-2725","post","type-post","status-publish","format-standard","has-post-thumbnail","hentry","category-convenios"],"aioseo_notices":[],"jetpack_featured_media_url":"https:\/\/masquefarmacia.org\/wp-content\/uploads\/2024\/07\/NOTA-PRENSA-foto_firma-convenio-consejo-el-salvador.jpg","jetpack_sharing_enabled":true,"_links":{"self":[{"href":"https:\/\/masquefarmacia.org\/index.php\/wp-json\/wp\/v2\/posts\/2725","targetHints":{"allow":["GET"]}}],"collection":[{"href":"https:\/\/masquefarmacia.org\/index.php\/wp-json\/wp\/v2\/posts"}],"about":[{"href":"https:\/\/masquefarmacia.org\/index.php\/wp-json\/wp\/v2\/types\/post"}],"author":[{"embeddable":true,"href":"https:\/\/masquefarmacia.org\/index.php\/wp-json\/wp\/v2\/users\/2"}],"replies":[{"embeddable":true,"href":"https:\/\/masquefarmacia.org\/index.php\/wp-json\/wp\/v2\/comments?post=2725"}],"version-history":[{"count":4,"href":"https:\/\/masquefarmacia.org\/index.php\/wp-json\/wp\/v2\/posts\/2725\/revisions"}],"predecessor-version":[{"id":2734,"href":"https:\/\/masquefarmacia.org\/index.php\/wp-json\/wp\/v2\/posts\/2725\/revisions\/2734"}],"wp:featuredmedia":[{"embeddable":true,"href":"https:\/\/masquefarmacia.org\/index.php\/wp-json\/wp\/v2\/media\/2726"}],"wp:attachment":[{"href":"https:\/\/masquefarmacia.org\/index.php\/wp-json\/wp\/v2\/media?parent=2725"}],"wp:term":[{"taxonomy":"category","embeddable":true,"href":"https:\/\/masquefarmacia.org\/index.php\/wp-json\/wp\/v2\/categories?post=2725"},{"taxonomy":"post_tag","embeddable":true,"href":"https:\/\/masquefarmacia.org\/index.php\/wp-json\/wp\/v2\/tags?post=2725"}],"curies":[{"name":"wp","href":"https:\/\/api.w.org\/{rel}","templated":true}]}}