{"id":2744,"date":"2024-07-12T16:12:27","date_gmt":"2024-07-12T16:12:27","guid":{"rendered":"https:\/\/masquefarmacia.org\/?p=2744"},"modified":"2024-07-12T16:12:29","modified_gmt":"2024-07-12T16:12:29","slug":"talleres-de-insolacion-y-golpe-de-calor-a-personas-vulnerables-sinhogarismo","status":"publish","type":"post","link":"https:\/\/masquefarmacia.org\/index.php\/2024\/07\/12\/talleres-de-insolacion-y-golpe-de-calor-a-personas-vulnerables-sinhogarismo\/","title":{"rendered":"Talleres de Insolaci\u00f3n y Golpe de Calor a personas vulnerables sinhogarismo"},"content":{"rendered":"\n<p>Se han realizado talleres de Insolaci\u00f3n y Golpes de Calor a personas vulnerables sinhogarismo en la Asociaci\u00f3n Elige la Vida, para promoci\u00f3n y prevenci\u00f3n de la salud en estos d\u00edas de calor. Asimismo hemos distribuidos productos antisolares para protegerlos y material de higiene.<\/p>\n\n\n\n<figure class=\"wp-block-image size-large is-resized\"><img fetchpriority=\"high\" decoding=\"async\" width=\"771\" height=\"1024\" src=\"https:\/\/masquefarmacia.org\/wp-content\/uploads\/2024\/07\/TALLER-INSOLACION-ELIGE-LA-VIDA-2024-5-771x1024.jpg\" alt=\"\" class=\"wp-image-2745\" style=\"width:225px;height:auto\" srcset=\"https:\/\/masquefarmacia.org\/wp-content\/uploads\/2024\/07\/TALLER-INSOLACION-ELIGE-LA-VIDA-2024-5-771x1024.jpg 771w, https:\/\/masquefarmacia.org\/wp-content\/uploads\/2024\/07\/TALLER-INSOLACION-ELIGE-LA-VIDA-2024-5-226x300.jpg 226w, https:\/\/masquefarmacia.org\/wp-content\/uploads\/2024\/07\/TALLER-INSOLACION-ELIGE-LA-VIDA-2024-5-768x1020.jpg 768w, https:\/\/masquefarmacia.org\/wp-content\/uploads\/2024\/07\/TALLER-INSOLACION-ELIGE-LA-VIDA-2024-5-1157x1536.jpg 1157w, https:\/\/masquefarmacia.org\/wp-content\/uploads\/2024\/07\/TALLER-INSOLACION-ELIGE-LA-VIDA-2024-5-1542x2048.jpg 1542w, https:\/\/masquefarmacia.org\/wp-content\/uploads\/2024\/07\/TALLER-INSOLACION-ELIGE-LA-VIDA-2024-5-1320x1753.jpg 1320w, https:\/\/masquefarmacia.org\/wp-content\/uploads\/2024\/07\/TALLER-INSOLACION-ELIGE-LA-VIDA-2024-5-600x797.jpg 600w, https:\/\/masquefarmacia.org\/wp-content\/uploads\/2024\/07\/TALLER-INSOLACION-ELIGE-LA-VIDA-2024-5-scaled.jpg 1928w\" sizes=\"(max-width: 771px) 100vw, 771px\" \/><\/figure>\n\n\n\n\n\n<figure class=\"wp-block-image size-large is-resized\"><img decoding=\"async\" width=\"724\" height=\"1024\" src=\"https:\/\/masquefarmacia.org\/wp-content\/uploads\/2024\/06\/INFOGRAMA-GOLPE-DE-CALOR-724x1024.jpg\" alt=\"\" class=\"wp-image-2360\" style=\"width:229px;height:auto\" srcset=\"https:\/\/masquefarmacia.org\/wp-content\/uploads\/2024\/06\/INFOGRAMA-GOLPE-DE-CALOR-724x1024.jpg 724w, https:\/\/masquefarmacia.org\/wp-content\/uploads\/2024\/06\/INFOGRAMA-GOLPE-DE-CALOR-212x300.jpg 212w, https:\/\/masquefarmacia.org\/wp-content\/uploads\/2024\/06\/INFOGRAMA-GOLPE-DE-CALOR-768x1086.jpg 768w, https:\/\/masquefarmacia.org\/wp-content\/uploads\/2024\/06\/INFOGRAMA-GOLPE-DE-CALOR-1086x1536.jpg 1086w, https:\/\/masquefarmacia.org\/wp-content\/uploads\/2024\/06\/INFOGRAMA-GOLPE-DE-CALOR-1320x1867.jpg 1320w, https:\/\/masquefarmacia.org\/wp-content\/uploads\/2024\/06\/INFOGRAMA-GOLPE-DE-CALOR-600x849.jpg 600w, https:\/\/masquefarmacia.org\/wp-content\/uploads\/2024\/06\/INFOGRAMA-GOLPE-DE-CALOR.jpg 1414w\" sizes=\"(max-width: 724px) 100vw, 724px\" \/><\/figure>\n","protected":false},"excerpt":{"rendered":"<p>Se han realizado talleres de Insolaci\u00f3n y Golpes de Calor a personas vulnerables sinhogarismo en la Asociaci\u00f3n Elige la Vida, para promoci\u00f3n y prevenci\u00f3n de la salud en estos d\u00edas de calor. Asimismo hemos distribuidos productos antisolares para protegerlos y material de higiene.<\/p>\n","protected":false},"author":2,"featured_media":2745,"comment_status":"open","ping_status":"open","sticky":false,"template":"","format":"standard","meta":{"_monsterinsights_skip_tracking":false,"_monsterinsights_sitenote_active":false,"_monsterinsights_sitenote_note":"","_monsterinsights_sitenote_category":0,"_jetpack_memberships_contains_paid_content":false,"footnotes":""},"categories":[20],"tags":[],"class_list":["post-2744","post","type-post","status-publish","format-standard","has-post-thumbnail","hentry","category-accion-social"],"aioseo_notices":[],"jetpack_featured_media_url":"https:\/\/masquefarmacia.org\/wp-content\/uploads\/2024\/07\/TALLER-INSOLACION-ELIGE-LA-VIDA-2024-5-scaled.jpg","jetpack_sharing_enabled":true,"_links":{"self":[{"href":"https:\/\/masquefarmacia.org\/index.php\/wp-json\/wp\/v2\/posts\/2744","targetHints":{"allow":["GET"]}}],"collection":[{"href":"https:\/\/masquefarmacia.org\/index.php\/wp-json\/wp\/v2\/posts"}],"about":[{"href":"https:\/\/masquefarmacia.org\/index.php\/wp-json\/wp\/v2\/types\/post"}],"author":[{"embeddable":true,"href":"https:\/\/masquefarmacia.org\/index.php\/wp-json\/wp\/v2\/users\/2"}],"replies":[{"embeddable":true,"href":"https:\/\/masquefarmacia.org\/index.php\/wp-json\/wp\/v2\/comments?post=2744"}],"version-history":[{"count":2,"href":"https:\/\/masquefarmacia.org\/index.php\/wp-json\/wp\/v2\/posts\/2744\/revisions"}],"predecessor-version":[{"id":2748,"href":"https:\/\/masquefarmacia.org\/index.php\/wp-json\/wp\/v2\/posts\/2744\/revisions\/2748"}],"wp:featuredmedia":[{"embeddable":true,"href":"https:\/\/masquefarmacia.org\/index.php\/wp-json\/wp\/v2\/media\/2745"}],"wp:attachment":[{"href":"https:\/\/masquefarmacia.org\/index.php\/wp-json\/wp\/v2\/media?parent=2744"}],"wp:term":[{"taxonomy":"category","embeddable":true,"href":"https:\/\/masquefarmacia.org\/index.php\/wp-json\/wp\/v2\/categories?post=2744"},{"taxonomy":"post_tag","embeddable":true,"href":"https:\/\/masquefarmacia.org\/index.php\/wp-json\/wp\/v2\/tags?post=2744"}],"curies":[{"name":"wp","href":"https:\/\/api.w.org\/{rel}","templated":true}]}}