{"id":2895,"date":"2024-09-03T14:48:50","date_gmt":"2024-09-03T14:48:50","guid":{"rendered":"https:\/\/masquefarmacia.org\/?p=2895"},"modified":"2024-09-03T14:52:45","modified_gmt":"2024-09-03T14:52:45","slug":"soledad-no-deseada-en-personas-mayores","status":"publish","type":"post","link":"https:\/\/masquefarmacia.org\/index.php\/2024\/09\/03\/soledad-no-deseada-en-personas-mayores\/","title":{"rendered":"Infograf\u00eda: Soledad no deseada en Personas Mayores"},"content":{"rendered":"\n<p>La soledad elegida no supone un problema, pero la soledad no deseada s\u00ed porque que tiene consecuencias negativas para la persona que la sufre. Tambi\u00e9n existen personas que viven acompa\u00f1adas y, sin embargo, se sienten solas, a menudo con un sentimiento de exclusi\u00f3n y de falta de conexi\u00f3n con lo que les rodea (sociedad, entorno, familia, lugar en el que viven\u2026). Por lo tanto, se habla de soledad como sentimiento, expresado en t\u00e9rminos como \u201cme siento sola, me siento solo\u201d. Ese sentimiento de soledad es negativo para la salud f\u00edsica y emocional de la persona, y es susceptible de afectar a personas de todas las edades.<\/p>\n\n\n\n<p>El sentimiento de soledad tiene mucho que ver con la valoraci\u00f3n que las personas hacen de las relaciones que tienen y con el grado de satisfacci\u00f3n que les generan. Puede agudizarse cuando una persona conserva algunas relaciones, pero ha perdido las m\u00e1s significativas e importantes para ella. El envejecimiento de la poblaci\u00f3n puede acentuar situaciones de soledad, pero existen otros factores sociales y estructurales que han contribuido a su aumento tambi\u00e9n en otros tramos de edad: cambios en el estilo de vida, sociedades m\u00e1s compartimentadas e individualistas, ritmos de vida m\u00e1s acelerados, crecimiento de las ciudades y despoblaci\u00f3n del medio rural. Por lo tanto, la soledad no deseada es un problema social y sanitario que afecta cada vez a m\u00e1s personas.<\/p>\n\n\n\n<p>Las consecuencias de la soledad no deseada en las personas mayores son cada vez m\u00e1s estudiadas. Puede afectar tanto a la salud f\u00edsica como a la salud mental y emocional de las personas. Entre las consecuencias para la salud que m\u00e1s com\u00fanmente podemos encontrar, est\u00e1 el incremento de posibilidades de sufrir una&nbsp;<strong>enfermedad cardiovascular.&nbsp;<\/strong>Las personas mayores pueden sufrir en mayor medida una<strong>&nbsp;enfermedad cardiaca&nbsp;<\/strong>cuando se sienten solas, y tambi\u00e9n aumentan las posibilidades de que sufran otras alteraciones como la&nbsp;<strong>hipertensi\u00f3n arterial.<\/strong><\/p>\n\n\n\n<p>Es tambi\u00e9n frecuente sufrir diversas\u00a0<strong>alteraciones del sue\u00f1o<\/strong>, que pueden incluir desde dificultades para conciliar el mismo como numerosos despertares y alteraciones en el ciclo del sue\u00f1o.<\/p>\n\n\n\n<figure class=\"wp-block-image size-large is-resized\"><img fetchpriority=\"high\" decoding=\"async\" width=\"724\" height=\"1024\" src=\"https:\/\/masquefarmacia.org\/wp-content\/uploads\/2024\/09\/INFOGRAFIA-SOLEDAD-NO-DESEDA-EN-MAYORES-724x1024.jpg\" alt=\"\" class=\"wp-image-2896\" style=\"width:573px;height:auto\" srcset=\"https:\/\/masquefarmacia.org\/wp-content\/uploads\/2024\/09\/INFOGRAFIA-SOLEDAD-NO-DESEDA-EN-MAYORES-724x1024.jpg 724w, https:\/\/masquefarmacia.org\/wp-content\/uploads\/2024\/09\/INFOGRAFIA-SOLEDAD-NO-DESEDA-EN-MAYORES-212x300.jpg 212w, https:\/\/masquefarmacia.org\/wp-content\/uploads\/2024\/09\/INFOGRAFIA-SOLEDAD-NO-DESEDA-EN-MAYORES-768x1086.jpg 768w, https:\/\/masquefarmacia.org\/wp-content\/uploads\/2024\/09\/INFOGRAFIA-SOLEDAD-NO-DESEDA-EN-MAYORES-1086x1536.jpg 1086w, https:\/\/masquefarmacia.org\/wp-content\/uploads\/2024\/09\/INFOGRAFIA-SOLEDAD-NO-DESEDA-EN-MAYORES-600x849.jpg 600w, https:\/\/masquefarmacia.org\/wp-content\/uploads\/2024\/09\/INFOGRAFIA-SOLEDAD-NO-DESEDA-EN-MAYORES.jpg 1414w\" sizes=\"(max-width: 724px) 100vw, 724px\" \/><\/figure>\n","protected":false},"excerpt":{"rendered":"<p>La soledad elegida no supone un problema, pero la soledad no deseada s\u00ed porque que tiene consecuencias negativas para la persona que la sufre. Tambi\u00e9n existen personas que viven acompa\u00f1adas y, sin embargo, se sienten solas, a menudo con un sentimiento de exclusi\u00f3n y de falta de conexi\u00f3n con lo que les rodea (sociedad, entorno, [&hellip;]<\/p>\n","protected":false},"author":2,"featured_media":2896,"comment_status":"open","ping_status":"open","sticky":false,"template":"","format":"standard","meta":{"_monsterinsights_skip_tracking":false,"_monsterinsights_sitenote_active":false,"_monsterinsights_sitenote_note":"","_monsterinsights_sitenote_category":0,"_jetpack_memberships_contains_paid_content":false,"footnotes":""},"categories":[1],"tags":[],"class_list":["post-2895","post","type-post","status-publish","format-standard","has-post-thumbnail","hentry","category-sin-categoria"],"aioseo_notices":[],"jetpack_featured_media_url":"https:\/\/masquefarmacia.org\/wp-content\/uploads\/2024\/09\/INFOGRAFIA-SOLEDAD-NO-DESEDA-EN-MAYORES.jpg","jetpack_sharing_enabled":true,"_links":{"self":[{"href":"https:\/\/masquefarmacia.org\/index.php\/wp-json\/wp\/v2\/posts\/2895","targetHints":{"allow":["GET"]}}],"collection":[{"href":"https:\/\/masquefarmacia.org\/index.php\/wp-json\/wp\/v2\/posts"}],"about":[{"href":"https:\/\/masquefarmacia.org\/index.php\/wp-json\/wp\/v2\/types\/post"}],"author":[{"embeddable":true,"href":"https:\/\/masquefarmacia.org\/index.php\/wp-json\/wp\/v2\/users\/2"}],"replies":[{"embeddable":true,"href":"https:\/\/masquefarmacia.org\/index.php\/wp-json\/wp\/v2\/comments?post=2895"}],"version-history":[{"count":3,"href":"https:\/\/masquefarmacia.org\/index.php\/wp-json\/wp\/v2\/posts\/2895\/revisions"}],"predecessor-version":[{"id":2902,"href":"https:\/\/masquefarmacia.org\/index.php\/wp-json\/wp\/v2\/posts\/2895\/revisions\/2902"}],"wp:featuredmedia":[{"embeddable":true,"href":"https:\/\/masquefarmacia.org\/index.php\/wp-json\/wp\/v2\/media\/2896"}],"wp:attachment":[{"href":"https:\/\/masquefarmacia.org\/index.php\/wp-json\/wp\/v2\/media?parent=2895"}],"wp:term":[{"taxonomy":"category","embeddable":true,"href":"https:\/\/masquefarmacia.org\/index.php\/wp-json\/wp\/v2\/categories?post=2895"},{"taxonomy":"post_tag","embeddable":true,"href":"https:\/\/masquefarmacia.org\/index.php\/wp-json\/wp\/v2\/tags?post=2895"}],"curies":[{"name":"wp","href":"https:\/\/api.w.org\/{rel}","templated":true}]}}