{"id":2926,"date":"2024-09-28T13:04:12","date_gmt":"2024-09-28T13:04:12","guid":{"rendered":"https:\/\/masquefarmacia.org\/?p=2926"},"modified":"2024-09-28T13:08:39","modified_gmt":"2024-09-28T13:08:39","slug":"convenio-con-la-academia-iberoamericana-de-farmacia-en-cooperacion-y-formacion","status":"publish","type":"post","link":"https:\/\/masquefarmacia.org\/index.php\/2024\/09\/28\/convenio-con-la-academia-iberoamericana-de-farmacia-en-cooperacion-y-formacion\/","title":{"rendered":"Convenio con la Academia Iberoamericana de Farmacia en Cooperaci\u00f3n y Formaci\u00f3n"},"content":{"rendered":"\n<p class=\"has-text-align-left\">M\u00e1s Que Farmacia ha firmado un convenio con la Academia Iberoamericana de Farmacia con el objetivo de promover iniciativas de cooperaci\u00f3n para el desarrollo orientadas a la lucha contra la pobreza, la defensa de los derechos humanos, la promoci\u00f3n de la igualdad entre hombres y mujeres, la construcci\u00f3n de ciudadan\u00eda y la generaci\u00f3n de un desarrollo humano sostenible y equitativo, a trav\u00e9s de las siguientes actuaciones:<\/p>\n\n\n\n<p class=\"has-text-align-left\">a. Generaci\u00f3n de procesos de desarrollo en los pa\u00edses en v\u00edas de desarrollo.<\/p>\n\n\n\n<p class=\"has-text-align-left\">b. Educaci\u00f3n para el desarrollo, fomentando el ejercicio de la ciudadan\u00eda activa, global, solidaria, cr\u00edtica y responsable.<\/p>\n\n\n\n<p class=\"has-text-align-left\">c. Acci\u00f3n humanitaria.<\/p>\n\n\n\n<p class=\"has-text-align-left\">d. Formaci\u00f3n, investigaci\u00f3n e innovaci\u00f3n para el desarrollo.<\/p>\n\n\n\n<p>El presente acuerdo tiene por objeto establecer el entorno de referencia para la acci\u00f3n coordinada entre las partes sobre cuantas acciones est\u00e9n encaminadas a potenciar los recursos que ambas desarrollen o pretenden desarrollar para la organizaci\u00f3n de acciones encaminadas a la promoci\u00f3n de los Objetivos de Desarrollo Sostenible (ODS), colaborando as\u00ed en la construcci\u00f3n de un mundo m\u00e1s equitativo, inclusivo y sostenible.<\/p>\n\n\n\n<p>Las actividades a desarrollar ser\u00e1n:<\/p>\n\n\n\n<p>1.- Actividades para fomentar la sensibilizaci\u00f3n, conciencia e implicaci\u00f3n de la sociedad en general sobre los desaf\u00edos que afronta el desarrollo humano, fomentando la generaci\u00f3n de actitudes y el ejercicio de una ciudadan\u00eda global, solidaria, cr\u00edtica y responsable.<\/p>\n\n\n\n<p>2.- Actividades para fortalecer y desarrollar las capacidades de los agentes de cooperaci\u00f3n mediante el apoyo a la formaci\u00f3n especializada.<\/p>\n\n\n\n<p>3.- Proyectos conjuntos de Cooperaci\u00f3n al Desarrollo en terreno, con la participaci\u00f3n o no de otras entidades contraparte en los pa\u00edses de destino.<\/p>\n\n\n\n<p>4.- Proyectos conjuntos para el fortalecimiento institucional de universidades e instituciones de educaci\u00f3n superior de pa\u00edses en v\u00edas de desarrollo, comprometidas con generar mejores condiciones de vida en su contexto.<\/p>\n\n\n\n<p>5.- Proyectos conjuntos para el fortalecimiento de organizaciones de la sociedad civil en pa\u00edses en v\u00edas de desarrollo, comprometidas con generar mejores condiciones de vida en su contexto.<\/p>\n\n\n\n<p>6.- Proyectos conjuntos de investigaci\u00f3n y transferencia tecnol\u00f3gica para resolver problemas concretos del desarrollo en los pa\u00edses en v\u00edas de desarrollo, con tecnolog\u00edas apropiadas y m\u00e9todos adaptados para ello.<\/p>\n\n\n\n<p>7.- Intercambio de recursos humanos, experiencias y material bibliogr\u00e1fico entre las partes.<\/p>\n\n\n\n<p>La Academia Iberoamericana de Farmacia, es una corporaci\u00f3n de Derecho P\u00fablico de car\u00e1cter cient\u00edfico profesional consultivo, que tiene como cometidos primordiales la investigaci\u00f3n y el estudio de las Ciencias Farmac\u00e9uticas o sus afines, el fomento de su cultivo y de las relaciones entre los farmac\u00e9uticos Espa\u00f1oles e Iberoamericanos y el asesoramiento a los organismos oficiales cuando lo soliciten. La Academia Iberoamericana es una Instituci\u00f3n al servicio de la sociedad en la que uno de sus objetivos b\u00e1sicos, es el est\u00edmulo y la formaci\u00f3n de sus miembros para el ejercicio de la ciudadan\u00eda cr\u00edtica, solidaria y responsable.<\/p>\n\n\n\n<figure class=\"wp-block-image size-large is-resized\"><img fetchpriority=\"high\" decoding=\"async\" width=\"1024\" height=\"768\" src=\"https:\/\/masquefarmacia.org\/wp-content\/uploads\/2024\/09\/2024-FIRMA-CONVENIO-ACADEMIA-IBEROAMERICANA-FARMACIA-5-1024x768.jpg\" alt=\"Firma del convenio. D. Agust\u00edn Garc\u00eda Asuero (presidente de la AIF) y D. Jes\u00fas S\u00e1nchez Burs\u00f3n (presidente de MQF)\" class=\"wp-image-2927\" style=\"width:406px;height:auto\" srcset=\"https:\/\/masquefarmacia.org\/wp-content\/uploads\/2024\/09\/2024-FIRMA-CONVENIO-ACADEMIA-IBEROAMERICANA-FARMACIA-5-1024x768.jpg 1024w, https:\/\/masquefarmacia.org\/wp-content\/uploads\/2024\/09\/2024-FIRMA-CONVENIO-ACADEMIA-IBEROAMERICANA-FARMACIA-5-300x225.jpg 300w, https:\/\/masquefarmacia.org\/wp-content\/uploads\/2024\/09\/2024-FIRMA-CONVENIO-ACADEMIA-IBEROAMERICANA-FARMACIA-5-768x576.jpg 768w, https:\/\/masquefarmacia.org\/wp-content\/uploads\/2024\/09\/2024-FIRMA-CONVENIO-ACADEMIA-IBEROAMERICANA-FARMACIA-5-1536x1152.jpg 1536w, https:\/\/masquefarmacia.org\/wp-content\/uploads\/2024\/09\/2024-FIRMA-CONVENIO-ACADEMIA-IBEROAMERICANA-FARMACIA-5-600x450.jpg 600w, https:\/\/masquefarmacia.org\/wp-content\/uploads\/2024\/09\/2024-FIRMA-CONVENIO-ACADEMIA-IBEROAMERICANA-FARMACIA-5.jpg 2016w\" sizes=\"(max-width: 1024px) 100vw, 1024px\" \/><figcaption class=\"wp-element-caption\">Firma del convenio. D. Agust\u00edn Garc\u00eda Asuero (presidente de la AIF) y D. Jes\u00fas S\u00e1nchez Burs\u00f3n (presidente de MQF)<\/figcaption><\/figure>\n\n\n\n<figure class=\"wp-block-image size-large is-resized\"><img decoding=\"async\" width=\"1024\" height=\"768\" src=\"https:\/\/masquefarmacia.org\/wp-content\/uploads\/2024\/09\/2024-FIRMA-CONVENIO-ACADEMIA-IBEROAMERICANA-FARMACIA-15-1024x768.jpg\" alt=\"\" class=\"wp-image-2930\" style=\"width:403px;height:auto\" srcset=\"https:\/\/masquefarmacia.org\/wp-content\/uploads\/2024\/09\/2024-FIRMA-CONVENIO-ACADEMIA-IBEROAMERICANA-FARMACIA-15-1024x768.jpg 1024w, https:\/\/masquefarmacia.org\/wp-content\/uploads\/2024\/09\/2024-FIRMA-CONVENIO-ACADEMIA-IBEROAMERICANA-FARMACIA-15-300x225.jpg 300w, https:\/\/masquefarmacia.org\/wp-content\/uploads\/2024\/09\/2024-FIRMA-CONVENIO-ACADEMIA-IBEROAMERICANA-FARMACIA-15-768x576.jpg 768w, https:\/\/masquefarmacia.org\/wp-content\/uploads\/2024\/09\/2024-FIRMA-CONVENIO-ACADEMIA-IBEROAMERICANA-FARMACIA-15-1536x1152.jpg 1536w, https:\/\/masquefarmacia.org\/wp-content\/uploads\/2024\/09\/2024-FIRMA-CONVENIO-ACADEMIA-IBEROAMERICANA-FARMACIA-15-600x450.jpg 600w, https:\/\/masquefarmacia.org\/wp-content\/uploads\/2024\/09\/2024-FIRMA-CONVENIO-ACADEMIA-IBEROAMERICANA-FARMACIA-15.jpg 2016w\" sizes=\"(max-width: 1024px) 100vw, 1024px\" \/><\/figure>\n\n\n\n<figure class=\"wp-block-image size-large is-resized\"><img decoding=\"async\" width=\"831\" height=\"1024\" src=\"https:\/\/masquefarmacia.org\/wp-content\/uploads\/2024\/09\/2024-FIRMA-CONVENIO-ACADEMIA-IBEROAMERICANA-FARMACIA-11-831x1024.jpg\" alt=\"\" class=\"wp-image-2928\" style=\"width:389px;height:auto\" srcset=\"https:\/\/masquefarmacia.org\/wp-content\/uploads\/2024\/09\/2024-FIRMA-CONVENIO-ACADEMIA-IBEROAMERICANA-FARMACIA-11-831x1024.jpg 831w, https:\/\/masquefarmacia.org\/wp-content\/uploads\/2024\/09\/2024-FIRMA-CONVENIO-ACADEMIA-IBEROAMERICANA-FARMACIA-11-243x300.jpg 243w, https:\/\/masquefarmacia.org\/wp-content\/uploads\/2024\/09\/2024-FIRMA-CONVENIO-ACADEMIA-IBEROAMERICANA-FARMACIA-11-768x946.jpg 768w, https:\/\/masquefarmacia.org\/wp-content\/uploads\/2024\/09\/2024-FIRMA-CONVENIO-ACADEMIA-IBEROAMERICANA-FARMACIA-11-600x739.jpg 600w, https:\/\/masquefarmacia.org\/wp-content\/uploads\/2024\/09\/2024-FIRMA-CONVENIO-ACADEMIA-IBEROAMERICANA-FARMACIA-11.jpg 1102w\" sizes=\"(max-width: 831px) 100vw, 831px\" \/><\/figure>\n\n\n\n<figure class=\"wp-block-image size-large is-resized\"><img loading=\"lazy\" decoding=\"async\" width=\"1024\" height=\"768\" src=\"https:\/\/masquefarmacia.org\/wp-content\/uploads\/2024\/09\/2024-FIRMA-CONVENIO-ACADEMIA-IBEROAMERICANA-FARMACIA-3-1024x768.jpg\" alt=\"\" class=\"wp-image-2929\" style=\"width:387px;height:auto\" srcset=\"https:\/\/masquefarmacia.org\/wp-content\/uploads\/2024\/09\/2024-FIRMA-CONVENIO-ACADEMIA-IBEROAMERICANA-FARMACIA-3-1024x768.jpg 1024w, https:\/\/masquefarmacia.org\/wp-content\/uploads\/2024\/09\/2024-FIRMA-CONVENIO-ACADEMIA-IBEROAMERICANA-FARMACIA-3-300x225.jpg 300w, https:\/\/masquefarmacia.org\/wp-content\/uploads\/2024\/09\/2024-FIRMA-CONVENIO-ACADEMIA-IBEROAMERICANA-FARMACIA-3-768x576.jpg 768w, https:\/\/masquefarmacia.org\/wp-content\/uploads\/2024\/09\/2024-FIRMA-CONVENIO-ACADEMIA-IBEROAMERICANA-FARMACIA-3-1536x1152.jpg 1536w, https:\/\/masquefarmacia.org\/wp-content\/uploads\/2024\/09\/2024-FIRMA-CONVENIO-ACADEMIA-IBEROAMERICANA-FARMACIA-3-600x450.jpg 600w, https:\/\/masquefarmacia.org\/wp-content\/uploads\/2024\/09\/2024-FIRMA-CONVENIO-ACADEMIA-IBEROAMERICANA-FARMACIA-3.jpg 2016w\" sizes=\"(max-width: 1024px) 100vw, 1024px\" \/><\/figure>\n\n\n\n<p><\/p>\n","protected":false},"excerpt":{"rendered":"<p>M\u00e1s Que Farmacia ha firmado un convenio con la Academia Iberoamericana de Farmacia con el objetivo de promover iniciativas de cooperaci\u00f3n para el desarrollo orientadas a la lucha contra la pobreza, la defensa de los derechos humanos, la promoci\u00f3n de la igualdad entre hombres y mujeres, la construcci\u00f3n de ciudadan\u00eda y la generaci\u00f3n de un [&hellip;]<\/p>\n","protected":false},"author":2,"featured_media":2930,"comment_status":"open","ping_status":"open","sticky":false,"template":"","format":"standard","meta":{"_monsterinsights_skip_tracking":false,"_monsterinsights_sitenote_active":false,"_monsterinsights_sitenote_note":"","_monsterinsights_sitenote_category":0,"_jetpack_memberships_contains_paid_content":false,"footnotes":""},"categories":[21],"tags":[],"class_list":["post-2926","post","type-post","status-publish","format-standard","has-post-thumbnail","hentry","category-convenios"],"aioseo_notices":[],"jetpack_featured_media_url":"https:\/\/masquefarmacia.org\/wp-content\/uploads\/2024\/09\/2024-FIRMA-CONVENIO-ACADEMIA-IBEROAMERICANA-FARMACIA-15.jpg","jetpack_sharing_enabled":true,"_links":{"self":[{"href":"https:\/\/masquefarmacia.org\/index.php\/wp-json\/wp\/v2\/posts\/2926","targetHints":{"allow":["GET"]}}],"collection":[{"href":"https:\/\/masquefarmacia.org\/index.php\/wp-json\/wp\/v2\/posts"}],"about":[{"href":"https:\/\/masquefarmacia.org\/index.php\/wp-json\/wp\/v2\/types\/post"}],"author":[{"embeddable":true,"href":"https:\/\/masquefarmacia.org\/index.php\/wp-json\/wp\/v2\/users\/2"}],"replies":[{"embeddable":true,"href":"https:\/\/masquefarmacia.org\/index.php\/wp-json\/wp\/v2\/comments?post=2926"}],"version-history":[{"count":4,"href":"https:\/\/masquefarmacia.org\/index.php\/wp-json\/wp\/v2\/posts\/2926\/revisions"}],"predecessor-version":[{"id":2936,"href":"https:\/\/masquefarmacia.org\/index.php\/wp-json\/wp\/v2\/posts\/2926\/revisions\/2936"}],"wp:featuredmedia":[{"embeddable":true,"href":"https:\/\/masquefarmacia.org\/index.php\/wp-json\/wp\/v2\/media\/2930"}],"wp:attachment":[{"href":"https:\/\/masquefarmacia.org\/index.php\/wp-json\/wp\/v2\/media?parent=2926"}],"wp:term":[{"taxonomy":"category","embeddable":true,"href":"https:\/\/masquefarmacia.org\/index.php\/wp-json\/wp\/v2\/categories?post=2926"},{"taxonomy":"post_tag","embeddable":true,"href":"https:\/\/masquefarmacia.org\/index.php\/wp-json\/wp\/v2\/tags?post=2926"}],"curies":[{"name":"wp","href":"https:\/\/api.w.org\/{rel}","templated":true}]}}