{"id":2960,"date":"2024-10-14T17:22:56","date_gmt":"2024-10-14T17:22:56","guid":{"rendered":"https:\/\/masquefarmacia.org\/?p=2960"},"modified":"2024-10-14T17:22:59","modified_gmt":"2024-10-14T17:22:59","slug":"lainco-empresa-colaboradora-patrocinadora","status":"publish","type":"post","link":"https:\/\/masquefarmacia.org\/index.php\/2024\/10\/14\/lainco-empresa-colaboradora-patrocinadora\/","title":{"rendered":"LAINCO: Empresa colaboradora &#8211; patrocinadora"},"content":{"rendered":"\n<p>LAINCO se incorpora a las empresas colaboradoras y patrocinadoras de M\u00e1s Que Farmacia con sus productos antis\u00e9pticos para la desinfecci\u00f3n de heridas y preparados nasales : Curadona, Clorhexidina, Yodinco gel, Lainasal, Vaselina, Mercromina, etc. Todos estos productos se utilizar\u00e1n el los centros de asistencias m\u00e9dicas de las ONG y centros  beneficiarios donde asisten a las personas sinhogarismo y los inmigrantes, as\u00ed como para el env\u00edo a proyectos de cooperaci\u00f3n y ayuda humanitaria de emergencia. <\/p>\n\n\n\n<p>En el panorama empresarial espa\u00f1ol, pocas historias brillan con tanta intensidad como la de&nbsp;<strong>LAINCO, S.A.<\/strong>&nbsp;<strong>Noventa a\u00f1os de dedicaci\u00f3n, ilusi\u00f3n, confianza y compromiso.<\/strong>&nbsp;Fundada por el visionario Dr. Jos\u00e9 Antonio Serrallach y su esposa Montserrat Carulla, esta empresa ha dejado una huella imborrable en los campos de la&nbsp;<strong>qu\u00edmica<\/strong>, la&nbsp;<strong>industria farmac\u00e9utica y agr\u00edcola<\/strong>. Una gran historia que se inicia en un modesto local de Barcelona hasta convertirse en un&nbsp;<strong>referente internacional, testimonio de perseverancia, innovaci\u00f3n y compromiso firme con la excelencia<\/strong>.<\/p>\n\n\n\n<p>Cada empleado, cada cliente, cada persona que ha cre\u00eddo en la visi\u00f3n de LAINCO S.A. ha contribuido a tejer esta historia de \u00e9xito y superaci\u00f3n. Hoy apuesta en las nuevas oportunidades, mira hacia el futuro y siempre con el agradecimiento por lo logrado.<\/p>\n\n\n\n<p>Barcelona, 1934, en la calle Castillejos, el\u00a0<strong>Dr. Jos\u00e9 Antonio Serrallach<\/strong>, reci\u00e9n graduado de la Universidad de Frankfurt en qu\u00edmica, y tras su paso por Massachussets Institute Of Technology (Boston, USA), junto con su esposa\u00a0<strong>Montserrat Carulla<\/strong>, construyeron los cimientos de lo que se convertir\u00eda en LAINCO, S.A.<\/p>\n\n\n\n<figure class=\"wp-block-image size-large\"><img fetchpriority=\"high\" decoding=\"async\" width=\"1024\" height=\"350\" src=\"https:\/\/masquefarmacia.org\/wp-content\/uploads\/2024\/10\/LOGO-LAINCO-Imagotipo-claim-1024x350.png\" alt=\"\" class=\"wp-image-2961\" srcset=\"https:\/\/masquefarmacia.org\/wp-content\/uploads\/2024\/10\/LOGO-LAINCO-Imagotipo-claim-1024x350.png 1024w, https:\/\/masquefarmacia.org\/wp-content\/uploads\/2024\/10\/LOGO-LAINCO-Imagotipo-claim-300x103.png 300w, https:\/\/masquefarmacia.org\/wp-content\/uploads\/2024\/10\/LOGO-LAINCO-Imagotipo-claim-768x263.png 768w, https:\/\/masquefarmacia.org\/wp-content\/uploads\/2024\/10\/LOGO-LAINCO-Imagotipo-claim-1536x525.png 1536w, https:\/\/masquefarmacia.org\/wp-content\/uploads\/2024\/10\/LOGO-LAINCO-Imagotipo-claim-600x205.png 600w, https:\/\/masquefarmacia.org\/wp-content\/uploads\/2024\/10\/LOGO-LAINCO-Imagotipo-claim.png 1941w\" sizes=\"(max-width: 1024px) 100vw, 1024px\" \/><\/figure>\n\n\n\n<figure class=\"wp-block-image size-full is-resized\"><img decoding=\"async\" width=\"775\" height=\"616\" src=\"https:\/\/masquefarmacia.org\/wp-content\/uploads\/2024\/10\/LAINCO-90-aniversario-01.jpg\" alt=\"\" class=\"wp-image-2962\" style=\"width:363px;height:auto\" srcset=\"https:\/\/masquefarmacia.org\/wp-content\/uploads\/2024\/10\/LAINCO-90-aniversario-01.jpg 775w, https:\/\/masquefarmacia.org\/wp-content\/uploads\/2024\/10\/LAINCO-90-aniversario-01-300x238.jpg 300w, https:\/\/masquefarmacia.org\/wp-content\/uploads\/2024\/10\/LAINCO-90-aniversario-01-768x610.jpg 768w, https:\/\/masquefarmacia.org\/wp-content\/uploads\/2024\/10\/LAINCO-90-aniversario-01-600x477.jpg 600w\" sizes=\"(max-width: 775px) 100vw, 775px\" \/><\/figure>\n\n\n\n<figure class=\"wp-block-image size-full\"><img decoding=\"async\" width=\"1024\" height=\"542\" src=\"https:\/\/masquefarmacia.org\/wp-content\/uploads\/2024\/10\/LAINCO-90-aniversario-05.jpg\" alt=\"\" class=\"wp-image-2963\" srcset=\"https:\/\/masquefarmacia.org\/wp-content\/uploads\/2024\/10\/LAINCO-90-aniversario-05.jpg 1024w, https:\/\/masquefarmacia.org\/wp-content\/uploads\/2024\/10\/LAINCO-90-aniversario-05-300x159.jpg 300w, https:\/\/masquefarmacia.org\/wp-content\/uploads\/2024\/10\/LAINCO-90-aniversario-05-768x407.jpg 768w, https:\/\/masquefarmacia.org\/wp-content\/uploads\/2024\/10\/LAINCO-90-aniversario-05-600x318.jpg 600w\" sizes=\"(max-width: 1024px) 100vw, 1024px\" \/><\/figure>\n","protected":false},"excerpt":{"rendered":"<p>LAINCO se incorpora a las empresas colaboradoras y patrocinadoras de M\u00e1s Que Farmacia con sus productos antis\u00e9pticos para la desinfecci\u00f3n de heridas y preparados nasales : Curadona, Clorhexidina, Yodinco gel, Lainasal, Vaselina, Mercromina, etc. Todos estos productos se utilizar\u00e1n el los centros de asistencias m\u00e9dicas de las ONG y centros beneficiarios donde asisten a las [&hellip;]<\/p>\n","protected":false},"author":2,"featured_media":2961,"comment_status":"open","ping_status":"open","sticky":false,"template":"","format":"standard","meta":{"_monsterinsights_skip_tracking":false,"_monsterinsights_sitenote_active":false,"_monsterinsights_sitenote_note":"","_monsterinsights_sitenote_category":0,"_jetpack_memberships_contains_paid_content":false,"footnotes":""},"categories":[29],"tags":[],"class_list":["post-2960","post","type-post","status-publish","format-standard","has-post-thumbnail","hentry","category-patrocinadores"],"aioseo_notices":[],"jetpack_featured_media_url":"https:\/\/masquefarmacia.org\/wp-content\/uploads\/2024\/10\/LOGO-LAINCO-Imagotipo-claim.png","jetpack_sharing_enabled":true,"_links":{"self":[{"href":"https:\/\/masquefarmacia.org\/index.php\/wp-json\/wp\/v2\/posts\/2960","targetHints":{"allow":["GET"]}}],"collection":[{"href":"https:\/\/masquefarmacia.org\/index.php\/wp-json\/wp\/v2\/posts"}],"about":[{"href":"https:\/\/masquefarmacia.org\/index.php\/wp-json\/wp\/v2\/types\/post"}],"author":[{"embeddable":true,"href":"https:\/\/masquefarmacia.org\/index.php\/wp-json\/wp\/v2\/users\/2"}],"replies":[{"embeddable":true,"href":"https:\/\/masquefarmacia.org\/index.php\/wp-json\/wp\/v2\/comments?post=2960"}],"version-history":[{"count":2,"href":"https:\/\/masquefarmacia.org\/index.php\/wp-json\/wp\/v2\/posts\/2960\/revisions"}],"predecessor-version":[{"id":2965,"href":"https:\/\/masquefarmacia.org\/index.php\/wp-json\/wp\/v2\/posts\/2960\/revisions\/2965"}],"wp:featuredmedia":[{"embeddable":true,"href":"https:\/\/masquefarmacia.org\/index.php\/wp-json\/wp\/v2\/media\/2961"}],"wp:attachment":[{"href":"https:\/\/masquefarmacia.org\/index.php\/wp-json\/wp\/v2\/media?parent=2960"}],"wp:term":[{"taxonomy":"category","embeddable":true,"href":"https:\/\/masquefarmacia.org\/index.php\/wp-json\/wp\/v2\/categories?post=2960"},{"taxonomy":"post_tag","embeddable":true,"href":"https:\/\/masquefarmacia.org\/index.php\/wp-json\/wp\/v2\/tags?post=2960"}],"curies":[{"name":"wp","href":"https:\/\/api.w.org\/{rel}","templated":true}]}}