{"id":3050,"date":"2024-10-28T12:30:49","date_gmt":"2024-10-28T12:30:49","guid":{"rendered":"https:\/\/masquefarmacia.org\/?p=3050"},"modified":"2024-10-28T12:31:28","modified_gmt":"2024-10-28T12:31:28","slug":"5o-curso-de-farmacia-y-cooperacion","status":"publish","type":"post","link":"https:\/\/masquefarmacia.org\/index.php\/2024\/10\/28\/5o-curso-de-farmacia-y-cooperacion\/","title":{"rendered":"5\u00ba Curso de Farmacia y Cooperaci\u00f3n"},"content":{"rendered":"\n<p>M\u00e1s que Farmacia lanza en su plataforma docente la acci\u00f3n formativa del 5\u00ba Curso Farmacia y Cooperaci\u00f3n de veintiocho d\u00edas de duraci\u00f3n y formato online, que contar\u00e1 entre los tutores con profesionales de la farmacia humanitaria que han participado directamente en los proyectos que se van a exponer.<\/p>\n\n\n\n<p>Con el pretendemos introducir al alumno en el mundo social de la cooperaci\u00f3n prepar\u00e1ndolo para los retos que en la actualidad afronta el sector en el que la Agenda 2030 y los ODS est\u00e1n presentes en todas las actividades que realizan tanto ONG como empresas.<\/p>\n\n\n\n<p>El curso constar\u00e1 de cinco bloques en los que se estudiar\u00e1 la gesti\u00f3n administrativa, la cooperaci\u00f3n al desarrollo, la acci\u00f3n social y la comunicaci\u00f3n para el desarrollo.<\/p>\n\n\n\n<p>Ya puedes realizar tu preinscripci\u00f3n en: <\/p>\n\n\n\n<p><blockquote class=\"wp-embedded-content\" data-secret=\"vnvV5MNKjA\"><a href=\"https:\/\/masquefarmacia.org\/index.php\/curso-farmacia-y-cooperacion-5aedicion\/\">Curso &#8220;Farmacia y Cooperaci\u00f3n-5\u00aaEdici\u00f3n&#8221;<\/a><\/blockquote><iframe class=\"wp-embedded-content\" sandbox=\"allow-scripts\" security=\"restricted\" style=\"position: absolute; visibility: hidden;\" title=\"\u00abCurso &#8220;Farmacia y Cooperaci\u00f3n-5\u00aaEdici\u00f3n&#8221;\u00bb \u2014 \" src=\"https:\/\/masquefarmacia.org\/index.php\/curso-farmacia-y-cooperacion-5aedicion\/embed\/#?secret=XiU3BWKT9o#?secret=vnvV5MNKjA\" data-secret=\"vnvV5MNKjA\" width=\"500\" height=\"282\" frameborder=\"0\" marginwidth=\"0\" marginheight=\"0\" scrolling=\"no\"><\/iframe><\/p>\n\n\n\n<figure class=\"wp-block-image size-large\"><img fetchpriority=\"high\" decoding=\"async\" width=\"1024\" height=\"1024\" src=\"https:\/\/masquefarmacia.org\/wp-content\/uploads\/2024\/10\/CARTEL-5-CURSO-FARMACIA-Y-COOPERACION-1-HOJA-NOVIEMBRE-2024-1024x1024.jpg\" alt=\"\" class=\"wp-image-3051\" srcset=\"https:\/\/masquefarmacia.org\/wp-content\/uploads\/2024\/10\/CARTEL-5-CURSO-FARMACIA-Y-COOPERACION-1-HOJA-NOVIEMBRE-2024-1024x1024.jpg 1024w, https:\/\/masquefarmacia.org\/wp-content\/uploads\/2024\/10\/CARTEL-5-CURSO-FARMACIA-Y-COOPERACION-1-HOJA-NOVIEMBRE-2024-300x300.jpg 300w, https:\/\/masquefarmacia.org\/wp-content\/uploads\/2024\/10\/CARTEL-5-CURSO-FARMACIA-Y-COOPERACION-1-HOJA-NOVIEMBRE-2024-150x150.jpg 150w, https:\/\/masquefarmacia.org\/wp-content\/uploads\/2024\/10\/CARTEL-5-CURSO-FARMACIA-Y-COOPERACION-1-HOJA-NOVIEMBRE-2024-768x768.jpg 768w, https:\/\/masquefarmacia.org\/wp-content\/uploads\/2024\/10\/CARTEL-5-CURSO-FARMACIA-Y-COOPERACION-1-HOJA-NOVIEMBRE-2024-600x600.jpg 600w, https:\/\/masquefarmacia.org\/wp-content\/uploads\/2024\/10\/CARTEL-5-CURSO-FARMACIA-Y-COOPERACION-1-HOJA-NOVIEMBRE-2024-100x100.jpg 100w, https:\/\/masquefarmacia.org\/wp-content\/uploads\/2024\/10\/CARTEL-5-CURSO-FARMACIA-Y-COOPERACION-1-HOJA-NOVIEMBRE-2024.jpg 1080w\" sizes=\"(max-width: 1024px) 100vw, 1024px\" \/><\/figure>\n\n\n\n<figure class=\"wp-block-image size-large\"><img decoding=\"async\" width=\"1024\" height=\"1024\" src=\"https:\/\/masquefarmacia.org\/wp-content\/uploads\/2024\/10\/CARTEL-5-CURSO-FARMACIA-Y-COOPERACION-2-HOJA-NOVIEMBRE-2024-1024x1024.jpg\" alt=\"\" class=\"wp-image-3052\" srcset=\"https:\/\/masquefarmacia.org\/wp-content\/uploads\/2024\/10\/CARTEL-5-CURSO-FARMACIA-Y-COOPERACION-2-HOJA-NOVIEMBRE-2024-1024x1024.jpg 1024w, https:\/\/masquefarmacia.org\/wp-content\/uploads\/2024\/10\/CARTEL-5-CURSO-FARMACIA-Y-COOPERACION-2-HOJA-NOVIEMBRE-2024-300x300.jpg 300w, https:\/\/masquefarmacia.org\/wp-content\/uploads\/2024\/10\/CARTEL-5-CURSO-FARMACIA-Y-COOPERACION-2-HOJA-NOVIEMBRE-2024-150x150.jpg 150w, https:\/\/masquefarmacia.org\/wp-content\/uploads\/2024\/10\/CARTEL-5-CURSO-FARMACIA-Y-COOPERACION-2-HOJA-NOVIEMBRE-2024-768x768.jpg 768w, https:\/\/masquefarmacia.org\/wp-content\/uploads\/2024\/10\/CARTEL-5-CURSO-FARMACIA-Y-COOPERACION-2-HOJA-NOVIEMBRE-2024-600x600.jpg 600w, https:\/\/masquefarmacia.org\/wp-content\/uploads\/2024\/10\/CARTEL-5-CURSO-FARMACIA-Y-COOPERACION-2-HOJA-NOVIEMBRE-2024-100x100.jpg 100w, https:\/\/masquefarmacia.org\/wp-content\/uploads\/2024\/10\/CARTEL-5-CURSO-FARMACIA-Y-COOPERACION-2-HOJA-NOVIEMBRE-2024.jpg 1080w\" sizes=\"(max-width: 1024px) 100vw, 1024px\" \/><\/figure>\n\n\n\n<p><\/p>\n","protected":false},"excerpt":{"rendered":"<p>M\u00e1s que Farmacia lanza en su plataforma docente la acci\u00f3n formativa del 5\u00ba Curso Farmacia y Cooperaci\u00f3n de veintiocho d\u00edas de duraci\u00f3n y formato online, que contar\u00e1 entre los tutores con profesionales de la farmacia humanitaria que han participado directamente en los proyectos que se van a exponer. Con el pretendemos introducir al alumno en [&hellip;]<\/p>\n","protected":false},"author":2,"featured_media":3051,"comment_status":"open","ping_status":"open","sticky":false,"template":"","format":"standard","meta":{"_monsterinsights_skip_tracking":false,"_monsterinsights_sitenote_active":false,"_monsterinsights_sitenote_note":"","_monsterinsights_sitenote_category":0,"_jetpack_memberships_contains_paid_content":false,"footnotes":""},"categories":[1],"tags":[],"class_list":["post-3050","post","type-post","status-publish","format-standard","has-post-thumbnail","hentry","category-sin-categoria"],"aioseo_notices":[],"jetpack_featured_media_url":"https:\/\/masquefarmacia.org\/wp-content\/uploads\/2024\/10\/CARTEL-5-CURSO-FARMACIA-Y-COOPERACION-1-HOJA-NOVIEMBRE-2024.jpg","jetpack_sharing_enabled":true,"_links":{"self":[{"href":"https:\/\/masquefarmacia.org\/index.php\/wp-json\/wp\/v2\/posts\/3050","targetHints":{"allow":["GET"]}}],"collection":[{"href":"https:\/\/masquefarmacia.org\/index.php\/wp-json\/wp\/v2\/posts"}],"about":[{"href":"https:\/\/masquefarmacia.org\/index.php\/wp-json\/wp\/v2\/types\/post"}],"author":[{"embeddable":true,"href":"https:\/\/masquefarmacia.org\/index.php\/wp-json\/wp\/v2\/users\/2"}],"replies":[{"embeddable":true,"href":"https:\/\/masquefarmacia.org\/index.php\/wp-json\/wp\/v2\/comments?post=3050"}],"version-history":[{"count":3,"href":"https:\/\/masquefarmacia.org\/index.php\/wp-json\/wp\/v2\/posts\/3050\/revisions"}],"predecessor-version":[{"id":3056,"href":"https:\/\/masquefarmacia.org\/index.php\/wp-json\/wp\/v2\/posts\/3050\/revisions\/3056"}],"wp:featuredmedia":[{"embeddable":true,"href":"https:\/\/masquefarmacia.org\/index.php\/wp-json\/wp\/v2\/media\/3051"}],"wp:attachment":[{"href":"https:\/\/masquefarmacia.org\/index.php\/wp-json\/wp\/v2\/media?parent=3050"}],"wp:term":[{"taxonomy":"category","embeddable":true,"href":"https:\/\/masquefarmacia.org\/index.php\/wp-json\/wp\/v2\/categories?post=3050"},{"taxonomy":"post_tag","embeddable":true,"href":"https:\/\/masquefarmacia.org\/index.php\/wp-json\/wp\/v2\/tags?post=3050"}],"curies":[{"name":"wp","href":"https:\/\/api.w.org\/{rel}","templated":true}]}}