{"id":3292,"date":"2024-12-31T16:49:25","date_gmt":"2024-12-31T16:49:25","guid":{"rendered":"https:\/\/masquefarmacia.org\/?p=3292"},"modified":"2024-12-31T16:49:28","modified_gmt":"2024-12-31T16:49:28","slug":"os-deseamos-un-qfelizano-2025","status":"publish","type":"post","link":"https:\/\/masquefarmacia.org\/index.php\/2024\/12\/31\/os-deseamos-un-qfelizano-2025\/","title":{"rendered":"Os deseamos\u00a0\u00a0un +QFelizA\u00f1o 2025\u00a0\u00a0"},"content":{"rendered":"\n<figure class=\"wp-block-table\"><table class=\"has-fixed-layout\"><tbody><tr><td>Terminado ya un 2024 que ha sido el de nuestra entrada en el complejo sector de la\u00a0<strong>#SaludSocia<\/strong>l, arrancamos\u00a0<strong>un 2025 lleno de ilusi\u00f3n y proyectos.<\/strong>\u00a0Pero antes de lanzarnos de lleno al nuevo a\u00f1o, queremos recordar algunas de las semillas que hemos puesto durante en este a\u00f1o, que ya han dado sus frutos y que sin duda ser\u00e1n mayores en los pr\u00f3ximos 12 meses:<br><br>Hemos desarrollado nuestras iniciativas desde el \u00e1mbito de la #SaludSocial para poblaciones vulnerables, desde personas sin hogar hasta otras comunidades con limitado #Bienestar. Todo ello basando nuestro trabajo en el \u00e1mbito de la #SaludP\u00fablica con\u00a0<strong>intervenciones directas<\/strong>\u00a0con personas &#8211;\u00a0<em><strong>Sin Hogar y Mayores<\/strong><\/em>&#8211; y con\u00a0<strong>materiales de promoci\u00f3n de la salud<\/strong>\u00a0dirigidos a profesionales sanitarios y del \u00e1mbito social, entre ellos a afectados por la #DANA.\u00a0<strong>Un total de 1.767 intervenciones, \u00a0adem\u00e1s de 60 talleres presenciales y 20 intervenciones en calle. En el marco del proyecto +QSaludable hemos publicado 24 v\u00eddeos y 46 infograf\u00edas.\u00a0<\/strong><br>\u00a0<br>Hemos reforzado el concepto\u00a0<strong>#Farmac\u00e9uticoSocial<\/strong>\u00a0con el lanzamiento de una campa\u00f1a que pone en valor el papel del farmac\u00e9utico en el \u00e1mbito de la\u00a0<em>Salud P\u00fablica y la Acci\u00f3n Social.<\/em>\u00a0<br><br>Hemos participado en el documental\u00a0<strong>La Vida En Una Gota<\/strong>, para la equidad en el\u00a0<em>Cribado Neonatal Ampliado<\/em>.\u00a0<br><br>Hemos lanzado nuestra\u00a0<strong>\u00c1rea Formativa<\/strong>\u00a0con dos ediciones del curso\u00a0<em>&#8220;Farmacia y Cooperaci\u00f3n&#8221;<\/em>, una del curso<em>\u00a0&#8220;Gesti\u00f3n del Agua Potable en Desarrollo&#8221;<\/em>\u00a0y la formaci\u00f3n de 807 qu\u00edmico-farmac\u00e9uticos de El Salvador en\u00a0<em>&#8220;Atenci\u00f3n Farmac\u00e9utica y Salud P\u00fablica&#8221;.<\/em><br>\u00a0<br>Hemos realizado donaciones de medicamentos y productos sanitarios a\u00a0<strong>Guatemala, Senegal, Malawi y Ucrania.<\/strong>\u00a0Hemos firmado acuerdos de colaboraci\u00f3n con\u00a0<strong>ocho instituciones<\/strong>\u00a0del \u00e1mbito de la salud y del tercer sector y hemos contado con\u00a0<strong>siete<\/strong>\u00a0empresas\u00a0<strong>patrocinadoras y veinticinco ONG colaboradoras.<\/strong>\u00a0<br><br>Hemos constituido un equipo sanitario para el programa +QSaludable formado por\u00a0<strong>4 farmac\u00e9uticos, 2 enfermeras, 1 m\u00e9dico y 1 trabajadora social.<\/strong>\u00a0<br><br>Nos hemos integrado en la\u00a0<strong>Plataforma One Health<\/strong>.\u00a0Y muchas cosas m\u00e1s de las que hemos venido informando en nuestras newsletter y en nuestra p\u00e1gina web\u00a0<a href=\"https:\/\/dj0ij.r.bh.d.sendibt3.com\/mk\/cl\/f\/sh\/1f8JIKXx3IkdaCaYhMjs2xKKs3\/zAV8LcYxYJ4V\" target=\"_blank\" rel=\"noreferrer noopener\">masquefarmacia.org.<\/a><br><br>Terminamos con el deseo de todo nuestro equipo humano, Junta Directiva y Secretar\u00eda T\u00e9cnica de un\u00a0<strong>+QPr\u00f3spero<\/strong>\u00a0a\u00f1o\u00a0<strong>2025, esperando contar contigo en alguna de las actividades en este nuevo a\u00f1o.<\/strong><\/td><\/tr><\/tbody><\/table><\/figure>\n\n\n\n<figure class=\"wp-block-image size-full\"><img fetchpriority=\"high\" decoding=\"async\" width=\"972\" height=\"975\" src=\"https:\/\/masquefarmacia.org\/wp-content\/uploads\/2024\/12\/Captura-de-pantalla-2024-12-31-174503.jpg\" alt=\"\" class=\"wp-image-3293\" srcset=\"https:\/\/masquefarmacia.org\/wp-content\/uploads\/2024\/12\/Captura-de-pantalla-2024-12-31-174503.jpg 972w, https:\/\/masquefarmacia.org\/wp-content\/uploads\/2024\/12\/Captura-de-pantalla-2024-12-31-174503-300x300.jpg 300w, https:\/\/masquefarmacia.org\/wp-content\/uploads\/2024\/12\/Captura-de-pantalla-2024-12-31-174503-150x150.jpg 150w, https:\/\/masquefarmacia.org\/wp-content\/uploads\/2024\/12\/Captura-de-pantalla-2024-12-31-174503-768x770.jpg 768w, https:\/\/masquefarmacia.org\/wp-content\/uploads\/2024\/12\/Captura-de-pantalla-2024-12-31-174503-600x602.jpg 600w, https:\/\/masquefarmacia.org\/wp-content\/uploads\/2024\/12\/Captura-de-pantalla-2024-12-31-174503-100x100.jpg 100w\" sizes=\"(max-width: 972px) 100vw, 972px\" \/><\/figure>\n","protected":false},"excerpt":{"rendered":"<p>Terminado ya un 2024 que ha sido el de nuestra entrada en el complejo sector de la\u00a0#SaludSocial, arrancamos\u00a0un 2025 lleno de ilusi\u00f3n y proyectos.\u00a0Pero antes de lanzarnos de lleno al nuevo a\u00f1o, queremos recordar algunas de las semillas que hemos puesto durante en este a\u00f1o, que ya han dado sus frutos y que sin duda [&hellip;]<\/p>\n","protected":false},"author":2,"featured_media":3293,"comment_status":"open","ping_status":"open","sticky":false,"template":"","format":"standard","meta":{"_monsterinsights_skip_tracking":false,"_monsterinsights_sitenote_active":false,"_monsterinsights_sitenote_note":"","_monsterinsights_sitenote_category":0,"_jetpack_memberships_contains_paid_content":false,"footnotes":""},"categories":[22],"tags":[],"class_list":["post-3292","post","type-post","status-publish","format-standard","has-post-thumbnail","hentry","category-general"],"aioseo_notices":[],"jetpack_featured_media_url":"https:\/\/masquefarmacia.org\/wp-content\/uploads\/2024\/12\/Captura-de-pantalla-2024-12-31-174503.jpg","jetpack_sharing_enabled":true,"_links":{"self":[{"href":"https:\/\/masquefarmacia.org\/index.php\/wp-json\/wp\/v2\/posts\/3292","targetHints":{"allow":["GET"]}}],"collection":[{"href":"https:\/\/masquefarmacia.org\/index.php\/wp-json\/wp\/v2\/posts"}],"about":[{"href":"https:\/\/masquefarmacia.org\/index.php\/wp-json\/wp\/v2\/types\/post"}],"author":[{"embeddable":true,"href":"https:\/\/masquefarmacia.org\/index.php\/wp-json\/wp\/v2\/users\/2"}],"replies":[{"embeddable":true,"href":"https:\/\/masquefarmacia.org\/index.php\/wp-json\/wp\/v2\/comments?post=3292"}],"version-history":[{"count":2,"href":"https:\/\/masquefarmacia.org\/index.php\/wp-json\/wp\/v2\/posts\/3292\/revisions"}],"predecessor-version":[{"id":3295,"href":"https:\/\/masquefarmacia.org\/index.php\/wp-json\/wp\/v2\/posts\/3292\/revisions\/3295"}],"wp:featuredmedia":[{"embeddable":true,"href":"https:\/\/masquefarmacia.org\/index.php\/wp-json\/wp\/v2\/media\/3293"}],"wp:attachment":[{"href":"https:\/\/masquefarmacia.org\/index.php\/wp-json\/wp\/v2\/media?parent=3292"}],"wp:term":[{"taxonomy":"category","embeddable":true,"href":"https:\/\/masquefarmacia.org\/index.php\/wp-json\/wp\/v2\/categories?post=3292"},{"taxonomy":"post_tag","embeddable":true,"href":"https:\/\/masquefarmacia.org\/index.php\/wp-json\/wp\/v2\/tags?post=3292"}],"curies":[{"name":"wp","href":"https:\/\/api.w.org\/{rel}","templated":true}]}}