{"id":3442,"date":"2025-02-04T10:15:33","date_gmt":"2025-02-04T10:15:33","guid":{"rendered":"https:\/\/masquefarmacia.org\/?p=3442"},"modified":"2025-02-04T11:49:00","modified_gmt":"2025-02-04T11:49:00","slug":"un-ano-del-proyecto-consejos-y-control-sanitario-a-personas-sin-hogar","status":"publish","type":"post","link":"https:\/\/masquefarmacia.org\/index.php\/2025\/02\/04\/un-ano-del-proyecto-consejos-y-control-sanitario-a-personas-sin-hogar\/","title":{"rendered":"Un a\u00f1o del Proyecto Consejos y Control Sanitario a Personas Sin Hogar"},"content":{"rendered":"\n<figure class=\"wp-block-image size-large\"><img fetchpriority=\"high\" decoding=\"async\" width=\"768\" height=\"1024\" src=\"https:\/\/masquefarmacia.org\/wp-content\/uploads\/2025\/02\/LA-PLAZA-18-10-2024-11-768x1024.jpg\" alt=\"\" class=\"wp-image-3433\" srcset=\"https:\/\/masquefarmacia.org\/wp-content\/uploads\/2025\/02\/LA-PLAZA-18-10-2024-11-768x1024.jpg 768w, https:\/\/masquefarmacia.org\/wp-content\/uploads\/2025\/02\/LA-PLAZA-18-10-2024-11-225x300.jpg 225w, https:\/\/masquefarmacia.org\/wp-content\/uploads\/2025\/02\/LA-PLAZA-18-10-2024-11-1152x1536.jpg 1152w, https:\/\/masquefarmacia.org\/wp-content\/uploads\/2025\/02\/LA-PLAZA-18-10-2024-11-1536x2048.jpg 1536w, https:\/\/masquefarmacia.org\/wp-content\/uploads\/2025\/02\/LA-PLAZA-18-10-2024-11-600x800.jpg 600w, https:\/\/masquefarmacia.org\/wp-content\/uploads\/2025\/02\/LA-PLAZA-18-10-2024-11-scaled.jpg 1920w\" sizes=\"(max-width: 768px) 100vw, 768px\" \/><\/figure>\n\n\n\n<figure class=\"wp-block-table\"><table class=\"has-fixed-layout\"><tbody><tr><td>Cumplimos un a\u00f1o trabajando con las personas Sin Hogar, el primer colectivo que desde M\u00e1s Que Farmacia se ha integrado en nuestros beneficiarios.\u00a0\u00a0<br><br>El objetivo de este trabajo es:\u00a0<br><br><strong>Atenci\u00f3n sanitaria b\u00e1sica<\/strong>, detecci\u00f3n de enfermedades y derivaci\u00f3n a servicios de salud cuando es necesario.<br><strong>Consejos de autocuidado e higiene<\/strong>, fomentando h\u00e1bitos que ayuden a prevenir enfermedades.<br><strong>Apoyo emocional y acompa\u00f1amiento<\/strong>, porque la salud mental tambi\u00e9n es clave en la recuperaci\u00f3n y el bienestar.<br><strong>Distribuci\u00f3n de productos esenciales<\/strong>, como material de curaci\u00f3n, kits de higiene y ropa de abrigo.\u00a0<br><br>Un a\u00f1o de trabajo y aprendizaje en el que hemos logrado llegar a\u00a0<strong>1.127 personas en situaci\u00f3n de sin hogarismo-<\/strong>viviendo en la calle y en albergues o similares<strong>&#8211;<\/strong>,\u00a0<strong>ofrecido un total de 1.345 consejos de salud y realizando 1.287 controles de distintos par\u00e1metros<\/strong>-glucosa, tensi\u00f3n arterial, temperatura y grado de saturaci\u00f3n de O2-,\u00a0<strong>con 348 intervenciones en salud &#8211;<\/strong>curas, derivaciones a centros de salud y hospital, asesoramiento en tratamientos entre otros<strong>-.<\/strong>\u00a0<br><br>Este trabajo se ha realizado interviniendo en los lugares y con organizaciones que trabajan con este colectivo. Ellos aportan el conocimiento a nivel social, y nuestro equipo, el conocimiento a nivel de salud.\u00a0<br><br>Las entidades con las que hemos realizado este trabajo, y con las que colaboramos en la actualidad son:\u00a0<br><br>Orden de Malta &#8211; Intervenciones en centros sanitarios y duchas sociales.<br>Asociaci\u00f3n Elige la Vida &#8211; Intervenciones en duchas sociales y centro de d\u00eda.<br>Asociaci\u00f3n La Plaza &#8211; Intervenciones directamente de calle.\u00a0<br><br>Unas cifras sin duda destacables, con un impacto importante en la salud de nuestros usuarios. Actuaciones respaldadas por un equipo de sanitarios formado por personal de farmacia, medicina, enfermer\u00eda y trabajo social. Un equipo multidisciplinar de voluntarios que optimiza la atenci\u00f3n y puede ofrecer consejos m\u00e1s adecuados a la realizad de estas personas.\u00a0<br><br><strong>La salud de las personas sin hogar, un factor de riesgo.<\/strong>\u00a0<br><br>En el marco de este proyecto, M\u00e1s Que Farmacia ha realizado un estudio sobre<a href=\"https:\/\/masquefarmacia.org\/index.php\/estado-de-salud-autopercibida-de-personas-sin-hogar\/\" target=\"_blank\" rel=\"noopener\" title=\"\">\u00a0<em>la<\/em>\u00a0<em>autopercepci\u00f3n de la salud en los usuarios del proyecto<\/em><\/a>. Un resumen del estudio se present\u00f3 en el mes de marzo en el congreso Infarma en Madrid, y hoy lo hacemos publico en redes sociales y en nuestra p\u00e1gina web.\u00a0Hemos entrevistado a 400 beneficiarios del proyecto, quedando patente la vulnerabilidad que sufren en su salud. El 70% de las personas encuestadas, considera su estado de salud como regular, malo o muy malo-30%-. Adem\u00e1s, el 70% padece alg\u00fan tipo de enfermedad cr\u00f3nica que le obliga a mantener un control y cuidados que en muchas ocasiones desconoce o no aplica. Destaca adem\u00e1s el dato de soledad, una de las pandemias de estos tiempos. Todas las personas sin hogar, se sientes solos, un motivo que afecta gravemente a nuestra salud.\u00a0<br><\/td><\/tr><\/tbody><\/table><\/figure>\n\n\n\n<figure class=\"wp-block-image size-large\"><img decoding=\"async\" width=\"1024\" height=\"768\" src=\"https:\/\/masquefarmacia.org\/wp-content\/uploads\/2025\/01\/ELIGE-LA-VIDA-19-12-2024-2-1024x768.jpg\" alt=\"\" class=\"wp-image-3299\" srcset=\"https:\/\/masquefarmacia.org\/wp-content\/uploads\/2025\/01\/ELIGE-LA-VIDA-19-12-2024-2-1024x768.jpg 1024w, https:\/\/masquefarmacia.org\/wp-content\/uploads\/2025\/01\/ELIGE-LA-VIDA-19-12-2024-2-300x225.jpg 300w, https:\/\/masquefarmacia.org\/wp-content\/uploads\/2025\/01\/ELIGE-LA-VIDA-19-12-2024-2-768x576.jpg 768w, https:\/\/masquefarmacia.org\/wp-content\/uploads\/2025\/01\/ELIGE-LA-VIDA-19-12-2024-2-1536x1152.jpg 1536w, https:\/\/masquefarmacia.org\/wp-content\/uploads\/2025\/01\/ELIGE-LA-VIDA-19-12-2024-2-600x450.jpg 600w, https:\/\/masquefarmacia.org\/wp-content\/uploads\/2025\/01\/ELIGE-LA-VIDA-19-12-2024-2.jpg 1600w\" sizes=\"(max-width: 1024px) 100vw, 1024px\" \/><\/figure>\n\n\n\n<div data-wp-interactive=\"core\/file\" class=\"wp-block-file\"><object data-wp-bind--hidden=\"!state.hasPdfPreview\" hidden class=\"wp-block-file__embed\" data=\"https:\/\/masquefarmacia.org\/wp-content\/uploads\/2025\/02\/Salud_Autopercibida_SInHogar.pdf\" type=\"application\/pdf\" style=\"width:100%;height:600px\" aria-label=\"Incrustado de Salud_Autopercibida_SInHogar.\"><\/object><a id=\"wp-block-file--media-409d11f6-aac1-4d41-87b4-446f2d7c6ad0\" href=\"https:\/\/masquefarmacia.org\/wp-content\/uploads\/2025\/02\/Salud_Autopercibida_SInHogar.pdf\">Salud_Autopercibida_SInHogar<\/a><a href=\"https:\/\/masquefarmacia.org\/wp-content\/uploads\/2025\/02\/Salud_Autopercibida_SInHogar.pdf\" class=\"wp-block-file__button wp-element-button\" download aria-describedby=\"wp-block-file--media-409d11f6-aac1-4d41-87b4-446f2d7c6ad0\">Descarga<\/a><\/div>\n","protected":false},"excerpt":{"rendered":"<p>Cumplimos un a\u00f1o trabajando con las personas Sin Hogar, el primer colectivo que desde M\u00e1s Que Farmacia se ha integrado en nuestros beneficiarios.\u00a0\u00a0 El objetivo de este trabajo es:\u00a0 Atenci\u00f3n sanitaria b\u00e1sica, detecci\u00f3n de enfermedades y derivaci\u00f3n a servicios de salud cuando es necesario.Consejos de autocuidado e higiene, fomentando h\u00e1bitos que ayuden a prevenir enfermedades.Apoyo [&hellip;]<\/p>\n","protected":false},"author":1,"featured_media":3433,"comment_status":"open","ping_status":"open","sticky":false,"template":"","format":"standard","meta":{"_monsterinsights_skip_tracking":false,"_monsterinsights_sitenote_active":false,"_monsterinsights_sitenote_note":"","_monsterinsights_sitenote_category":0,"_jetpack_memberships_contains_paid_content":false,"footnotes":""},"categories":[1],"tags":[],"class_list":["post-3442","post","type-post","status-publish","format-standard","has-post-thumbnail","hentry","category-sin-categoria"],"aioseo_notices":[],"jetpack_featured_media_url":"https:\/\/masquefarmacia.org\/wp-content\/uploads\/2025\/02\/LA-PLAZA-18-10-2024-11-scaled.jpg","jetpack_sharing_enabled":true,"_links":{"self":[{"href":"https:\/\/masquefarmacia.org\/index.php\/wp-json\/wp\/v2\/posts\/3442","targetHints":{"allow":["GET"]}}],"collection":[{"href":"https:\/\/masquefarmacia.org\/index.php\/wp-json\/wp\/v2\/posts"}],"about":[{"href":"https:\/\/masquefarmacia.org\/index.php\/wp-json\/wp\/v2\/types\/post"}],"author":[{"embeddable":true,"href":"https:\/\/masquefarmacia.org\/index.php\/wp-json\/wp\/v2\/users\/1"}],"replies":[{"embeddable":true,"href":"https:\/\/masquefarmacia.org\/index.php\/wp-json\/wp\/v2\/comments?post=3442"}],"version-history":[{"count":2,"href":"https:\/\/masquefarmacia.org\/index.php\/wp-json\/wp\/v2\/posts\/3442\/revisions"}],"predecessor-version":[{"id":3446,"href":"https:\/\/masquefarmacia.org\/index.php\/wp-json\/wp\/v2\/posts\/3442\/revisions\/3446"}],"wp:featuredmedia":[{"embeddable":true,"href":"https:\/\/masquefarmacia.org\/index.php\/wp-json\/wp\/v2\/media\/3433"}],"wp:attachment":[{"href":"https:\/\/masquefarmacia.org\/index.php\/wp-json\/wp\/v2\/media?parent=3442"}],"wp:term":[{"taxonomy":"category","embeddable":true,"href":"https:\/\/masquefarmacia.org\/index.php\/wp-json\/wp\/v2\/categories?post=3442"},{"taxonomy":"post_tag","embeddable":true,"href":"https:\/\/masquefarmacia.org\/index.php\/wp-json\/wp\/v2\/tags?post=3442"}],"curies":[{"name":"wp","href":"https:\/\/api.w.org\/{rel}","templated":true}]}}