{"id":3469,"date":"2025-02-27T17:13:48","date_gmt":"2025-02-27T17:13:48","guid":{"rendered":"https:\/\/masquefarmacia.org\/?p=3469"},"modified":"2025-02-27T17:13:50","modified_gmt":"2025-02-27T17:13:50","slug":"videopodcast-en-asefarma-de-nuestro-presidente-jesus-sanchez","status":"publish","type":"post","link":"https:\/\/masquefarmacia.org\/index.php\/2025\/02\/27\/videopodcast-en-asefarma-de-nuestro-presidente-jesus-sanchez\/","title":{"rendered":"Videopodcast en Asefarma de nuestro Presidente, Jes\u00fas S\u00e1nchez"},"content":{"rendered":"\n<p>Hoy se celebra el D\u00eda Mundial de las ONGD y no hemos encontrado mejor fecha para dar a conocer nuestro nuevo podcast, en el que ASEFARMA ha tenido la ocasi\u00f3n de entrevistar a nuestro presidente <a href=\"https:\/\/www.linkedin.com\/in\/ACoAAFEQJG4Bb92l5yYwqf2I1D_Hplkld4fYs_0\"><\/a><a href=\"https:\/\/www.linkedin.com\/in\/jes%C3%BAs-lu%C3%ADs-s%C3%A1nchez-burs%C3%B3n-26657031b\/\">Jes\u00fas Lu\u00eds S\u00e1nchez Burs\u00f3n<\/a>, presidente de la ONG <a href=\"https:\/\/www.linkedin.com\/company\/mas-que-farmacia-org\/\">MAS QUE FARMACIA.ORG<\/a>, una organizaci\u00f3n que trabaja cada d\u00eda para mejorar la sociedad en la que vivimos dando cobertura a tres amplios \u00e1mbitos: la tercera edad en soledad, las personas sinhogarismo y los inmigrantes.<br><br>Adem\u00e1s de ver el videopodcast en nuestro canal de YouTube, se puede escuchar tambi\u00e9n en otras plataformas como Spotify, Apple Podcast o Google Podcast.<br><br>Podcast est\u00e1 conducido por <a href=\"https:\/\/www.linkedin.com\/in\/ACoAAAWJNooBlthevCTIrSkt_ioyR2o_Qz1FLGY\"><\/a><a href=\"https:\/\/www.linkedin.com\/in\/susanacabritapalomar\/\">Susana C.<\/a><br><br><a href=\"https:\/\/lnkd.in\/gY94HRJ2\">https:\/\/lnkd.in\/gY94HRJ2<\/a><\/p>\n\n\n\n<figure class=\"wp-block-embed is-type-video is-provider-youtube wp-block-embed-youtube wp-embed-aspect-16-9 wp-has-aspect-ratio\"><div class=\"wp-block-embed__wrapper\">\n<iframe title=\"3\u00aa Temporada Conociendo a... Jes\u00fas S\u00e1nchez Burs\u00f3n, presidente de Masquefarmacia.org\" width=\"500\" height=\"281\" src=\"https:\/\/www.youtube.com\/embed\/JNXH-jyZ31E?list=PLc15QC4k8iB4G8XTbGK7ASgfXlZRChkbB\" frameborder=\"0\" allow=\"accelerometer; autoplay; clipboard-write; encrypted-media; gyroscope; picture-in-picture; web-share\" referrerpolicy=\"strict-origin-when-cross-origin\" allowfullscreen><\/iframe>\n<\/div><\/figure>\n\n\n\n<figure class=\"wp-block-image size-full\"><img fetchpriority=\"high\" decoding=\"async\" width=\"960\" height=\"960\" src=\"https:\/\/masquefarmacia.org\/wp-content\/uploads\/2025\/02\/IMG_6012.jpg\" alt=\"\" class=\"wp-image-3471\" srcset=\"https:\/\/masquefarmacia.org\/wp-content\/uploads\/2025\/02\/IMG_6012.jpg 960w, https:\/\/masquefarmacia.org\/wp-content\/uploads\/2025\/02\/IMG_6012-300x300.jpg 300w, https:\/\/masquefarmacia.org\/wp-content\/uploads\/2025\/02\/IMG_6012-150x150.jpg 150w, https:\/\/masquefarmacia.org\/wp-content\/uploads\/2025\/02\/IMG_6012-768x768.jpg 768w, https:\/\/masquefarmacia.org\/wp-content\/uploads\/2025\/02\/IMG_6012-600x600.jpg 600w, https:\/\/masquefarmacia.org\/wp-content\/uploads\/2025\/02\/IMG_6012-100x100.jpg 100w\" sizes=\"(max-width: 960px) 100vw, 960px\" \/><\/figure>\n\n\n\n<figure class=\"wp-block-image size-full\"><img decoding=\"async\" width=\"960\" height=\"960\" src=\"https:\/\/masquefarmacia.org\/wp-content\/uploads\/2025\/02\/IMG_6011-1.jpg\" alt=\"\" class=\"wp-image-3472\" srcset=\"https:\/\/masquefarmacia.org\/wp-content\/uploads\/2025\/02\/IMG_6011-1.jpg 960w, https:\/\/masquefarmacia.org\/wp-content\/uploads\/2025\/02\/IMG_6011-1-300x300.jpg 300w, https:\/\/masquefarmacia.org\/wp-content\/uploads\/2025\/02\/IMG_6011-1-150x150.jpg 150w, https:\/\/masquefarmacia.org\/wp-content\/uploads\/2025\/02\/IMG_6011-1-768x768.jpg 768w, https:\/\/masquefarmacia.org\/wp-content\/uploads\/2025\/02\/IMG_6011-1-600x600.jpg 600w, https:\/\/masquefarmacia.org\/wp-content\/uploads\/2025\/02\/IMG_6011-1-100x100.jpg 100w\" sizes=\"(max-width: 960px) 100vw, 960px\" \/><\/figure>\n","protected":false},"excerpt":{"rendered":"<p>Hoy se celebra el D\u00eda Mundial de las ONGD y no hemos encontrado mejor fecha para dar a conocer nuestro nuevo podcast, en el que ASEFARMA ha tenido la ocasi\u00f3n de entrevistar a nuestro presidente Jes\u00fas Lu\u00eds S\u00e1nchez Burs\u00f3n, presidente de la ONG MAS QUE FARMACIA.ORG, una organizaci\u00f3n que trabaja cada d\u00eda para mejorar la [&hellip;]<\/p>\n","protected":false},"author":2,"featured_media":3470,"comment_status":"open","ping_status":"open","sticky":false,"template":"","format":"standard","meta":{"_monsterinsights_skip_tracking":false,"_monsterinsights_sitenote_active":false,"_monsterinsights_sitenote_note":"","_monsterinsights_sitenote_category":0,"_jetpack_memberships_contains_paid_content":false,"footnotes":""},"categories":[22],"tags":[],"class_list":["post-3469","post","type-post","status-publish","format-standard","has-post-thumbnail","hentry","category-general"],"aioseo_notices":[],"jetpack_featured_media_url":"https:\/\/masquefarmacia.org\/wp-content\/uploads\/2025\/02\/IMG_6011.jpg","jetpack_sharing_enabled":true,"_links":{"self":[{"href":"https:\/\/masquefarmacia.org\/index.php\/wp-json\/wp\/v2\/posts\/3469","targetHints":{"allow":["GET"]}}],"collection":[{"href":"https:\/\/masquefarmacia.org\/index.php\/wp-json\/wp\/v2\/posts"}],"about":[{"href":"https:\/\/masquefarmacia.org\/index.php\/wp-json\/wp\/v2\/types\/post"}],"author":[{"embeddable":true,"href":"https:\/\/masquefarmacia.org\/index.php\/wp-json\/wp\/v2\/users\/2"}],"replies":[{"embeddable":true,"href":"https:\/\/masquefarmacia.org\/index.php\/wp-json\/wp\/v2\/comments?post=3469"}],"version-history":[{"count":2,"href":"https:\/\/masquefarmacia.org\/index.php\/wp-json\/wp\/v2\/posts\/3469\/revisions"}],"predecessor-version":[{"id":3474,"href":"https:\/\/masquefarmacia.org\/index.php\/wp-json\/wp\/v2\/posts\/3469\/revisions\/3474"}],"wp:featuredmedia":[{"embeddable":true,"href":"https:\/\/masquefarmacia.org\/index.php\/wp-json\/wp\/v2\/media\/3470"}],"wp:attachment":[{"href":"https:\/\/masquefarmacia.org\/index.php\/wp-json\/wp\/v2\/media?parent=3469"}],"wp:term":[{"taxonomy":"category","embeddable":true,"href":"https:\/\/masquefarmacia.org\/index.php\/wp-json\/wp\/v2\/categories?post=3469"},{"taxonomy":"post_tag","embeddable":true,"href":"https:\/\/masquefarmacia.org\/index.php\/wp-json\/wp\/v2\/tags?post=3469"}],"curies":[{"name":"wp","href":"https:\/\/api.w.org\/{rel}","templated":true}]}}