{"id":3494,"date":"2025-03-25T21:01:13","date_gmt":"2025-03-25T21:01:13","guid":{"rendered":"https:\/\/masquefarmacia.org\/?p=3494"},"modified":"2025-03-25T21:03:29","modified_gmt":"2025-03-25T21:03:29","slug":"infarma-barcelona-stand-virtual","status":"publish","type":"post","link":"https:\/\/masquefarmacia.org\/index.php\/2025\/03\/25\/infarma-barcelona-stand-virtual\/","title":{"rendered":"Infarma Barcelona : Stand Virtual"},"content":{"rendered":"\n<p><strong>No nos ver\u00e1s en Infarma&#8230;<\/strong><\/p>\n\n\n\n<p><strong>PERO TENEMOS STAND<\/strong><\/p>\n\n\n\n<p><em>&nbsp;<strong>No, no estaremos en Barcelona<\/strong><\/em>&nbsp;as\u00ed que si tienes inter\u00e9s en contactar con nosotros, lamentamos decirte que no estaremos por all\u00ed.&nbsp;<\/p>\n\n\n\n<p>Desde el equipo humano de la ONG&nbsp;<em><u>hemos querido que M\u00e1s Que Farmacia tenga un stand,<\/u><\/em>&nbsp;eso s\u00ed virtual, en el que puedas obtener informaci\u00f3n de nuestros proyectos, hacer las consultas que consideres oportuno, e incluso llevarte el cl\u00e1sico regalo t\u00edpico de una feria..<\/p>\n\n\n\n<p><strong>\u00a0<\/strong>Para ello, solo tendr\u00e1s que\u00a0<strong><a href=\"https:\/\/dj0ij.r.a.d.sendibm1.com\/mk\/cl\/f\/sh\/6rqJfgq8dINmODgmO00PXeRLP4J\/0anS2B091Nm-\" target=\"_blank\" rel=\"noopener nofollow\" title=\"\">pinchar en este enlace<\/a><\/strong><a href=\"https:\/\/dj0ij.r.a.d.sendibm1.com\/mk\/cl\/f\/sh\/6rqJfgq8dINmODgmO00PXeRLP4J\/0anS2B091Nm-\" target=\"_blank\" rel=\"noreferrer noopener\">,<\/a>\u00a0y a trav\u00e9s de las instrucciones de\u00a0<em>Luc\u00eda nuestra voluntaria,\u00a0<\/em>consultar todo aquello que te genere curiosidad o inter\u00e9s de nuestro trabajo:<\/p>\n\n\n\n<p><img decoding=\"async\" alt=\"\u2705\" src=\"https:\/\/fonts.gstatic.com\/s\/e\/notoemoji\/16.0\/2705\/72.png\">&nbsp;Informaci\u00f3n general de quienes somos y qu\u00e9 hacemos.<\/p>\n\n\n\n<p><img decoding=\"async\" alt=\"\u2705\" src=\"https:\/\/fonts.gstatic.com\/s\/e\/notoemoji\/16.0\/2705\/72.png\">&nbsp;Proyectos que estamos realizando en la actualidad.<\/p>\n\n\n\n<p><img decoding=\"async\" alt=\"\u2705\" src=\"https:\/\/fonts.gstatic.com\/s\/e\/notoemoji\/16.0\/2705\/72.png\">&nbsp;Acceso a infograf\u00edas y estudios realizados por la entidad.<\/p>\n\n\n\n<p><img decoding=\"async\" alt=\"\u2705\" src=\"https:\/\/fonts.gstatic.com\/s\/e\/notoemoji\/16.0\/2705\/72.png\">&nbsp;Realizar cualquier tipo de consulta.<\/p>\n\n\n\n<p><img decoding=\"async\" alt=\"\u2705\" src=\"https:\/\/fonts.gstatic.com\/s\/e\/notoemoji\/16.0\/2705\/72.png\">&nbsp;Recoger el regalo que te hemos preparado.<\/p>\n\n\n\n<p><strong>TE ESPERAMOS&#8230;<\/strong><\/p>\n\n\n\n<p><a href=\"https:\/\/dj0ij.r.a.d.sendibm1.com\/mk\/cl\/f\/sh\/6rqJfgq8dIPRQfyvsJPxTFZH2NL\/xRvXfWnwUHVg\" target=\"_blank\" rel=\"noopener nofollow\" title=\"\"><strong>ENTRAR AL STAND<\/strong><\/a><\/p>\n\n\n\n<figure class=\"wp-block-embed is-type-wp-embed is-provider-genially wp-block-embed-genially\"><div class=\"wp-block-embed__wrapper\">\n<iframe class=\"wp-embedded-content\" sandbox=\"allow-scripts\" security=\"restricted\" title=\"Stand Virtual de M\u00e1s Que Farmacia\" frameborder='0' width='1200' height='675' src='https:\/\/view.genially.com\/67e1340f206ba6f693e4a3a9#?secret=rQOwmVWMw0' data-secret='rQOwmVWMw0' scrolling='yes'><\/iframe>\n<\/div><\/figure>\n","protected":false},"excerpt":{"rendered":"<p>No nos ver\u00e1s en Infarma&#8230; PERO TENEMOS STAND &nbsp;No, no estaremos en Barcelona&nbsp;as\u00ed que si tienes inter\u00e9s en contactar con nosotros, lamentamos decirte que no estaremos por all\u00ed.&nbsp; Desde el equipo humano de la ONG&nbsp;hemos querido que M\u00e1s Que Farmacia tenga un stand,&nbsp;eso s\u00ed virtual, en el que puedas obtener informaci\u00f3n de nuestros proyectos, hacer [&hellip;]<\/p>\n","protected":false},"author":2,"featured_media":3495,"comment_status":"open","ping_status":"open","sticky":false,"template":"","format":"standard","meta":{"_monsterinsights_skip_tracking":false,"_monsterinsights_sitenote_active":false,"_monsterinsights_sitenote_note":"","_monsterinsights_sitenote_category":0,"_jetpack_memberships_contains_paid_content":false,"footnotes":""},"categories":[30,1],"tags":[],"class_list":["post-3494","post","type-post","status-publish","format-standard","has-post-thumbnail","hentry","category-congresos-ferias","category-sin-categoria"],"aioseo_notices":[],"jetpack_featured_media_url":"https:\/\/masquefarmacia.org\/wp-content\/uploads\/2025\/03\/c1c08e74-3987-4493-a717-df502b57b223.jpg","jetpack_sharing_enabled":true,"_links":{"self":[{"href":"https:\/\/masquefarmacia.org\/index.php\/wp-json\/wp\/v2\/posts\/3494","targetHints":{"allow":["GET"]}}],"collection":[{"href":"https:\/\/masquefarmacia.org\/index.php\/wp-json\/wp\/v2\/posts"}],"about":[{"href":"https:\/\/masquefarmacia.org\/index.php\/wp-json\/wp\/v2\/types\/post"}],"author":[{"embeddable":true,"href":"https:\/\/masquefarmacia.org\/index.php\/wp-json\/wp\/v2\/users\/2"}],"replies":[{"embeddable":true,"href":"https:\/\/masquefarmacia.org\/index.php\/wp-json\/wp\/v2\/comments?post=3494"}],"version-history":[{"count":1,"href":"https:\/\/masquefarmacia.org\/index.php\/wp-json\/wp\/v2\/posts\/3494\/revisions"}],"predecessor-version":[{"id":3496,"href":"https:\/\/masquefarmacia.org\/index.php\/wp-json\/wp\/v2\/posts\/3494\/revisions\/3496"}],"wp:featuredmedia":[{"embeddable":true,"href":"https:\/\/masquefarmacia.org\/index.php\/wp-json\/wp\/v2\/media\/3495"}],"wp:attachment":[{"href":"https:\/\/masquefarmacia.org\/index.php\/wp-json\/wp\/v2\/media?parent=3494"}],"wp:term":[{"taxonomy":"category","embeddable":true,"href":"https:\/\/masquefarmacia.org\/index.php\/wp-json\/wp\/v2\/categories?post=3494"},{"taxonomy":"post_tag","embeddable":true,"href":"https:\/\/masquefarmacia.org\/index.php\/wp-json\/wp\/v2\/tags?post=3494"}],"curies":[{"name":"wp","href":"https:\/\/api.w.org\/{rel}","templated":true}]}}