{"id":3800,"date":"2025-05-24T09:05:38","date_gmt":"2025-05-24T09:05:38","guid":{"rendered":"https:\/\/masquefarmacia.org\/?p=3800"},"modified":"2025-05-24T10:44:19","modified_gmt":"2025-05-24T10:44:19","slug":"sol-calor-y-salud-en-las-personas-mayores-consejos-proteccion-y-prevencion","status":"publish","type":"post","link":"https:\/\/masquefarmacia.org\/index.php\/2025\/05\/24\/sol-calor-y-salud-en-las-personas-mayores-consejos-proteccion-y-prevencion\/","title":{"rendered":"Sol, calor y salud en las personas mayores \u2013 Consejos, protecci\u00f3n y prevenci\u00f3n."},"content":{"rendered":"\n<p>El verano nos regala luz, energ\u00eda y oportunidades para disfrutar del aire libre. Pero para las personas mayores, el sol y el calor pueden convertirse en enemigos invisibles si no se toman precauciones. Por eso, desde nuestra ONG sanitaria queremos ofrecerte este contenido educativo: dos video claro, visual y \u00fatil sobre c\u00f3mo afecta el calor y el sol a nuestro organismo con la edad, y c\u00f3mo podemos cuidarnos.<\/p>\n\n\n\n<p>Con el paso de los a\u00f1os, el cuerpo pierde eficacia para regular la temperatura interna. La sensaci\u00f3n de sed disminuye, el sudor se produce en menor cantidad y el sistema cardiovascular responde m\u00e1s lentamente. Esto significa que un episodio de calor intenso puede tener consecuencias graves: desde una <strong>deshidrataci\u00f3n leve<\/strong> hasta un <strong>golpe de calor<\/strong>, que puede poner en riesgo la vida si no se reconoce y trata a tiempo.<\/p>\n\n\n\n<p>Pero no todo es negativo. El sol tambi\u00e9n tiene <strong>efectos beneficiosos<\/strong>, como favorecer la s\u00edntesis de <strong>vitamina D<\/strong>, mejorar el estado de \u00e1nimo o regular los ritmos del sue\u00f1o. La clave est\u00e1 en <strong>exponerse con inteligencia y protecci\u00f3n<\/strong>, evitando los riesgos y aprovechando sus ventajas.<\/p>\n\n\n\n<figure class=\"wp-block-embed is-type-video is-provider-youtube wp-block-embed-youtube wp-embed-aspect-16-9 wp-has-aspect-ratio\"><div class=\"wp-block-embed__wrapper\">\n<iframe title=\"Promoci\u00f3n y Prevenci\u00f3n de la Salud. 24.-  IMPACTO DEL SOL Y CALOR EN PERSONAS MAYORES   A\" width=\"500\" height=\"281\" src=\"https:\/\/www.youtube.com\/embed\/5mj6Q86TIYI?feature=oembed\" frameborder=\"0\" allow=\"accelerometer; autoplay; clipboard-write; encrypted-media; gyroscope; picture-in-picture; web-share\" referrerpolicy=\"strict-origin-when-cross-origin\" allowfullscreen><\/iframe>\n<\/div><\/figure>\n\n\n\n<figure class=\"wp-block-embed is-type-video is-provider-youtube wp-block-embed-youtube wp-embed-aspect-16-9 wp-has-aspect-ratio\"><div class=\"wp-block-embed__wrapper\">\n<iframe title=\"Promoci\u00f3n y Prevenci\u00f3n de la Salud. 25.- COMO PROTEGERSE DEL SOL DESPUES DE LOS 60 A\u00d1OS\" width=\"500\" height=\"281\" src=\"https:\/\/www.youtube.com\/embed\/Z9cz1O6SUGE?feature=oembed\" frameborder=\"0\" allow=\"accelerometer; autoplay; clipboard-write; encrypted-media; gyroscope; picture-in-picture; web-share\" referrerpolicy=\"strict-origin-when-cross-origin\" allowfullscreen><\/iframe>\n<\/div><\/figure>\n\n\n\n<p>En estos videos que te presentamos, se explica de forma sencilla:<\/p>\n\n\n\n<ul class=\"wp-block-list\">\n<li>C\u00f3mo reacciona el cuerpo de una persona mayor ante el calor y el sol<\/li>\n\n\n\n<li>Qu\u00e9 <strong>s\u00edntomas deben alertarnos<\/strong>: sed intensa, mareo, fatiga, piel seca o confusi\u00f3n<\/li>\n\n\n\n<li>Qu\u00e9 hacer ante una deshidrataci\u00f3n, insolaci\u00f3n o golpe de calor<\/li>\n\n\n\n<li>Y lo m\u00e1s importante: <strong>c\u00f3mo prevenirlo<\/strong><\/li>\n<\/ul>\n\n\n\n<p>Tambi\u00e9n encontrar\u00e1s <strong>consejos pr\u00e1cticos de protecci\u00f3n solar<\/strong>, como:<\/p>\n\n\n\n<ul class=\"wp-block-list\">\n<li>Evitar la exposici\u00f3n directa entre las 12 y las 18 h<\/li>\n\n\n\n<li>Usar ropa ligera, gorros y gafas de sol<\/li>\n\n\n\n<li>Aplicar protector solar de amplio espectro (SPF 50 o 30 m\u00ednimo) en cara, brazos y piernas<\/li>\n\n\n\n<li>Beber agua con regularidad, incluso sin tener sed<\/li>\n\n\n\n<li>Permanecer en espacios frescos y ventilados<\/li>\n<\/ul>\n\n\n\n<p>Este material est\u00e1 pensado tanto para personas mayores como para sus cuidadores, familias y profesionales sociosanitarios. Queremos que los veas, los compartas y los apliques en tu vida diaria.<\/p>\n\n\n\n<p>Recordar que <strong>prevenir es m\u00e1s sencillo y barato que curar<\/strong>. Un golpe de calor se puede evitar con un vaso de agua, una sombra o una ducha tibia. Y un paseo al sol, si se hace con precauci\u00f3n, puede ser un beneficio para la salud.<\/p>\n\n\n\n<p>Te invitamos a ver los videos completo. Con peque\u00f1os gestos diarios, podemos transformar el verano en una \u00e9poca segura, activa y saludable para todos.<\/p>\n\n\n\n<p>Dentro del Proyecto Salud y Bienestar en personas mayores en soledad, cofinanciado por las Fundaci\u00f3n ASISA<\/p>\n","protected":false},"excerpt":{"rendered":"<p>El verano nos regala luz, energ\u00eda y oportunidades para disfrutar del aire libre. Pero para las personas mayores, el sol y el calor pueden convertirse en enemigos invisibles si no se toman precauciones. Por eso, desde nuestra ONG sanitaria queremos ofrecerte este contenido educativo: dos video claro, visual y \u00fatil sobre c\u00f3mo afecta el calor [&hellip;]<\/p>\n","protected":false},"author":2,"featured_media":3802,"comment_status":"open","ping_status":"open","sticky":false,"template":"","format":"standard","meta":{"_monsterinsights_skip_tracking":false,"_monsterinsights_sitenote_active":false,"_monsterinsights_sitenote_note":"","_monsterinsights_sitenote_category":0,"_jetpack_memberships_contains_paid_content":false,"footnotes":""},"categories":[1],"tags":[],"class_list":["post-3800","post","type-post","status-publish","format-standard","has-post-thumbnail","hentry","category-sin-categoria"],"aioseo_notices":[],"jetpack_featured_media_url":"https:\/\/masquefarmacia.org\/wp-content\/uploads\/2025\/05\/PORTADA-IMPACTO-DEL-SOL-Y-CALOR-EN-PERSONAS-MAYORES.jpg","jetpack_sharing_enabled":true,"_links":{"self":[{"href":"https:\/\/masquefarmacia.org\/index.php\/wp-json\/wp\/v2\/posts\/3800","targetHints":{"allow":["GET"]}}],"collection":[{"href":"https:\/\/masquefarmacia.org\/index.php\/wp-json\/wp\/v2\/posts"}],"about":[{"href":"https:\/\/masquefarmacia.org\/index.php\/wp-json\/wp\/v2\/types\/post"}],"author":[{"embeddable":true,"href":"https:\/\/masquefarmacia.org\/index.php\/wp-json\/wp\/v2\/users\/2"}],"replies":[{"embeddable":true,"href":"https:\/\/masquefarmacia.org\/index.php\/wp-json\/wp\/v2\/comments?post=3800"}],"version-history":[{"count":3,"href":"https:\/\/masquefarmacia.org\/index.php\/wp-json\/wp\/v2\/posts\/3800\/revisions"}],"predecessor-version":[{"id":3812,"href":"https:\/\/masquefarmacia.org\/index.php\/wp-json\/wp\/v2\/posts\/3800\/revisions\/3812"}],"wp:featuredmedia":[{"embeddable":true,"href":"https:\/\/masquefarmacia.org\/index.php\/wp-json\/wp\/v2\/media\/3802"}],"wp:attachment":[{"href":"https:\/\/masquefarmacia.org\/index.php\/wp-json\/wp\/v2\/media?parent=3800"}],"wp:term":[{"taxonomy":"category","embeddable":true,"href":"https:\/\/masquefarmacia.org\/index.php\/wp-json\/wp\/v2\/categories?post=3800"},{"taxonomy":"post_tag","embeddable":true,"href":"https:\/\/masquefarmacia.org\/index.php\/wp-json\/wp\/v2\/tags?post=3800"}],"curies":[{"name":"wp","href":"https:\/\/api.w.org\/{rel}","templated":true}]}}