{"id":3829,"date":"2025-06-09T17:12:22","date_gmt":"2025-06-09T17:12:22","guid":{"rendered":"https:\/\/masquefarmacia.org\/?p=3829"},"modified":"2025-06-09T17:12:25","modified_gmt":"2025-06-09T17:12:25","slug":"memoria-semestral-programa-salud-y-bienestar-en-mayores-2025","status":"publish","type":"post","link":"https:\/\/masquefarmacia.org\/index.php\/2025\/06\/09\/memoria-semestral-programa-salud-y-bienestar-en-mayores-2025\/","title":{"rendered":"Memoria Semestral Programa Salud y Bienestar en Mayores 2025"},"content":{"rendered":"\n<p>Proyecto dise\u00f1ado para mejorar la calidad de vida de las personas mayores, de forma especial de aquellas m\u00e1s vulnerables, en situaci\u00f3n de dependencia y\/o en soledad. Esta iniciativa, que se inicia en la provincia de Sevilla y en Madrid, busca ofrecer apoyo integral tanto a los mayores como a sus familias y cuidadores.<\/p>\n\n\n\n<div data-wp-interactive=\"core\/file\" class=\"wp-block-file\"><object data-wp-bind--hidden=\"!state.hasPdfPreview\" hidden class=\"wp-block-file__embed\" data=\"https:\/\/masquefarmacia.org\/wp-content\/uploads\/2025\/06\/Memoria-Semestral-Programa-Salud-y-Bienestar-en-Mayores-2025.pdf\" type=\"application\/pdf\" style=\"width:100%;height:600px\" aria-label=\"Incrustado de Memoria Semestral Programa Salud y Bienestar en Mayores 2025.\"><\/object><a id=\"wp-block-file--media-f35317e6-7e21-4a34-9b0a-840595bb8b9f\" href=\"https:\/\/masquefarmacia.org\/wp-content\/uploads\/2025\/06\/Memoria-Semestral-Programa-Salud-y-Bienestar-en-Mayores-2025.pdf\">Memoria Semestral Programa Salud y Bienestar en Mayores 2025<\/a><a href=\"https:\/\/masquefarmacia.org\/wp-content\/uploads\/2025\/06\/Memoria-Semestral-Programa-Salud-y-Bienestar-en-Mayores-2025.pdf\" class=\"wp-block-file__button wp-element-button\" download aria-describedby=\"wp-block-file--media-f35317e6-7e21-4a34-9b0a-840595bb8b9f\">Descarga<\/a><\/div>\n\n\n\n<figure class=\"wp-block-image size-full\"><img fetchpriority=\"high\" decoding=\"async\" width=\"749\" height=\"426\" src=\"https:\/\/masquefarmacia.org\/wp-content\/uploads\/2025\/06\/Captura-de-pantalla-2025-06-09-190344.png\" alt=\"\" class=\"wp-image-3830\" srcset=\"https:\/\/masquefarmacia.org\/wp-content\/uploads\/2025\/06\/Captura-de-pantalla-2025-06-09-190344.png 749w, https:\/\/masquefarmacia.org\/wp-content\/uploads\/2025\/06\/Captura-de-pantalla-2025-06-09-190344-300x171.png 300w, https:\/\/masquefarmacia.org\/wp-content\/uploads\/2025\/06\/Captura-de-pantalla-2025-06-09-190344-600x341.png 600w\" sizes=\"(max-width: 749px) 100vw, 749px\" \/><\/figure>\n\n\n\n<figure class=\"wp-block-image size-full\"><img decoding=\"async\" width=\"757\" height=\"427\" src=\"https:\/\/masquefarmacia.org\/wp-content\/uploads\/2025\/06\/Captura-de-pantalla-2025-06-09-190536.png\" alt=\"\" class=\"wp-image-3832\" srcset=\"https:\/\/masquefarmacia.org\/wp-content\/uploads\/2025\/06\/Captura-de-pantalla-2025-06-09-190536.png 757w, https:\/\/masquefarmacia.org\/wp-content\/uploads\/2025\/06\/Captura-de-pantalla-2025-06-09-190536-300x169.png 300w, https:\/\/masquefarmacia.org\/wp-content\/uploads\/2025\/06\/Captura-de-pantalla-2025-06-09-190536-600x338.png 600w\" sizes=\"(max-width: 757px) 100vw, 757px\" \/><\/figure>\n\n\n\n<figure class=\"wp-block-image size-full\"><img decoding=\"async\" width=\"747\" height=\"425\" src=\"https:\/\/masquefarmacia.org\/wp-content\/uploads\/2025\/06\/Captura-de-pantalla-2025-06-09-190838.png\" alt=\"\" class=\"wp-image-3833\" srcset=\"https:\/\/masquefarmacia.org\/wp-content\/uploads\/2025\/06\/Captura-de-pantalla-2025-06-09-190838.png 747w, https:\/\/masquefarmacia.org\/wp-content\/uploads\/2025\/06\/Captura-de-pantalla-2025-06-09-190838-300x171.png 300w, https:\/\/masquefarmacia.org\/wp-content\/uploads\/2025\/06\/Captura-de-pantalla-2025-06-09-190838-600x341.png 600w\" sizes=\"(max-width: 747px) 100vw, 747px\" \/><\/figure>\n\n\n\n<figure class=\"wp-block-image size-full\"><img loading=\"lazy\" decoding=\"async\" width=\"751\" height=\"433\" src=\"https:\/\/masquefarmacia.org\/wp-content\/uploads\/2025\/06\/Captura-de-pantalla-2025-06-09-190904.png\" alt=\"\" class=\"wp-image-3834\" srcset=\"https:\/\/masquefarmacia.org\/wp-content\/uploads\/2025\/06\/Captura-de-pantalla-2025-06-09-190904.png 751w, https:\/\/masquefarmacia.org\/wp-content\/uploads\/2025\/06\/Captura-de-pantalla-2025-06-09-190904-300x173.png 300w, https:\/\/masquefarmacia.org\/wp-content\/uploads\/2025\/06\/Captura-de-pantalla-2025-06-09-190904-600x346.png 600w\" sizes=\"(max-width: 751px) 100vw, 751px\" \/><\/figure>\n\n\n\n<figure class=\"wp-block-image size-full\"><img loading=\"lazy\" decoding=\"async\" width=\"591\" height=\"478\" src=\"https:\/\/masquefarmacia.org\/wp-content\/uploads\/2025\/06\/Captura-de-pantalla-2025-06-09-190941.png\" alt=\"\" class=\"wp-image-3835\" srcset=\"https:\/\/masquefarmacia.org\/wp-content\/uploads\/2025\/06\/Captura-de-pantalla-2025-06-09-190941.png 591w, https:\/\/masquefarmacia.org\/wp-content\/uploads\/2025\/06\/Captura-de-pantalla-2025-06-09-190941-300x243.png 300w\" sizes=\"(max-width: 591px) 100vw, 591px\" \/><\/figure>\n","protected":false},"excerpt":{"rendered":"<p>Proyecto dise\u00f1ado para mejorar la calidad de vida de las personas mayores, de forma especial de aquellas m\u00e1s vulnerables, en situaci\u00f3n de dependencia y\/o en soledad. Esta iniciativa, que se inicia en la provincia de Sevilla y en Madrid, busca ofrecer apoyo integral tanto a los mayores como a sus familias y cuidadores.<\/p>\n","protected":false},"author":2,"featured_media":3836,"comment_status":"open","ping_status":"open","sticky":false,"template":"","format":"standard","meta":{"_monsterinsights_skip_tracking":false,"_monsterinsights_sitenote_active":false,"_monsterinsights_sitenote_note":"","_monsterinsights_sitenote_category":0,"_jetpack_memberships_contains_paid_content":false,"footnotes":""},"categories":[22],"tags":[],"class_list":["post-3829","post","type-post","status-publish","format-standard","has-post-thumbnail","hentry","category-general"],"aioseo_notices":[],"jetpack_featured_media_url":"https:\/\/masquefarmacia.org\/wp-content\/uploads\/2025\/06\/Memoria-Semestral-Programa-Salud-y-Bienestar-en-Mayores-2025.jpg","jetpack_sharing_enabled":true,"_links":{"self":[{"href":"https:\/\/masquefarmacia.org\/index.php\/wp-json\/wp\/v2\/posts\/3829","targetHints":{"allow":["GET"]}}],"collection":[{"href":"https:\/\/masquefarmacia.org\/index.php\/wp-json\/wp\/v2\/posts"}],"about":[{"href":"https:\/\/masquefarmacia.org\/index.php\/wp-json\/wp\/v2\/types\/post"}],"author":[{"embeddable":true,"href":"https:\/\/masquefarmacia.org\/index.php\/wp-json\/wp\/v2\/users\/2"}],"replies":[{"embeddable":true,"href":"https:\/\/masquefarmacia.org\/index.php\/wp-json\/wp\/v2\/comments?post=3829"}],"version-history":[{"count":1,"href":"https:\/\/masquefarmacia.org\/index.php\/wp-json\/wp\/v2\/posts\/3829\/revisions"}],"predecessor-version":[{"id":3837,"href":"https:\/\/masquefarmacia.org\/index.php\/wp-json\/wp\/v2\/posts\/3829\/revisions\/3837"}],"wp:featuredmedia":[{"embeddable":true,"href":"https:\/\/masquefarmacia.org\/index.php\/wp-json\/wp\/v2\/media\/3836"}],"wp:attachment":[{"href":"https:\/\/masquefarmacia.org\/index.php\/wp-json\/wp\/v2\/media?parent=3829"}],"wp:term":[{"taxonomy":"category","embeddable":true,"href":"https:\/\/masquefarmacia.org\/index.php\/wp-json\/wp\/v2\/categories?post=3829"},{"taxonomy":"post_tag","embeddable":true,"href":"https:\/\/masquefarmacia.org\/index.php\/wp-json\/wp\/v2\/tags?post=3829"}],"curies":[{"name":"wp","href":"https:\/\/api.w.org\/{rel}","templated":true}]}}