{"id":3838,"date":"2025-06-12T11:32:52","date_gmt":"2025-06-12T11:32:52","guid":{"rendered":"https:\/\/masquefarmacia.org\/?p=3838"},"modified":"2025-06-12T11:35:36","modified_gmt":"2025-06-12T11:35:36","slug":"taller-de-primeros-auxilios-en-picaduras-insectos-a-personas-sinhogarismo","status":"publish","type":"post","link":"https:\/\/masquefarmacia.org\/index.php\/2025\/06\/12\/taller-de-primeros-auxilios-en-picaduras-insectos-a-personas-sinhogarismo\/","title":{"rendered":"Taller a personas sinhogarismo de Primeros Auxilios &#8211; Picaduras Insectos"},"content":{"rendered":"\n<p>Hoy en la Asociaci\u00f3n Elige la Vida hemos impartido el taller a las personas #sinhogarismo sobre las picaduras de insectos ,haciendo hincapi\u00e9 en los s\u00edntomas y primeros auxilios y la importancia del virus del Nilo.<\/p>\n\n\n\n<p>Tambi\u00e9n hemos dado pulseras repelentes mosquitos y protectores solares.<\/p>\n\n\n\n<hr class=\"wp-block-separator has-alpha-channel-opacity\"\/>\n\n\n\n<h2 class=\"wp-block-heading\">\ud83d\udc1c Taller Salud y Prevenci\u00f3n: Picaduras de Insectos y Virus del Nilo<\/h2>\n\n\n\n<p><strong>Cuidarse tambi\u00e9n es posible en la calle.<\/strong><\/p>\n\n\n\n<p>Desde M\u00e1s que Farmacia, hemos desarrollado un taller espec\u00edfico dirigido a personas en situaci\u00f3n de <em>sinhogarismo<\/em>, con el objetivo de brindar herramientas sencillas y \u00fatiles para prevenir y tratar las picaduras de insectos, una problem\u00e1tica especialmente relevante en los meses de calor.<\/p>\n\n\n\n<h3 class=\"wp-block-heading\">\ud83c\udf1e \u00bfPor qu\u00e9 este taller?<\/h3>\n\n\n\n<p>Las personas que viven o pasan muchas horas al aire libre est\u00e1n m\u00e1s expuestas a picaduras de insectos como mosquitos, pulgas, chinches o avispas. Aunque muchas veces estas picaduras solo generan molestias leves, en otras pueden desencadenar reacciones m\u00e1s graves o incluso transmitir enfermedades como el <strong>Virus del Nilo Occidental<\/strong>.<\/p>\n\n\n\n<p><strong>Conocer los s\u00edntomas, saber c\u00f3mo actuar y cu\u00e1ndo pedir ayuda puede marcar la diferencia.<\/strong><\/p>\n\n\n\n<hr class=\"wp-block-separator has-alpha-channel-opacity\"\/>\n\n\n\n<h3 class=\"wp-block-heading\">\ud83e\udd9f Picaduras m\u00e1s frecuentes<\/h3>\n\n\n\n<p>Durante el taller se explican las picaduras m\u00e1s habituales que afectan a personas sin hogar:<\/p>\n\n\n\n<ul class=\"wp-block-list\">\n<li><strong>Mosquitos<\/strong>: especialmente el <em>Culex pipiens<\/em>, transmisor del Virus del Nilo.<\/li>\n\n\n\n<li><strong>Chinches de cama<\/strong>: comunes en colchones usados y albergues saturados.<\/li>\n\n\n\n<li><strong>Pulgas<\/strong>: transmitidas por animales callejeros o entornos poco higi\u00e9nicos.<\/li>\n\n\n\n<li><strong>Abejas y avispas<\/strong>: pueden generar reacciones al\u00e9rgicas graves.<\/li>\n<\/ul>\n\n\n\n<hr class=\"wp-block-separator has-alpha-channel-opacity\"\/>\n\n\n\n<h3 class=\"wp-block-heading\">\ud83d\udea8 S\u00edntomas a tener en cuenta<\/h3>\n\n\n\n<p>Aunque la mayor\u00eda de picaduras se curan solas, es importante <strong>identificar los signos de alarma<\/strong>:<\/p>\n\n\n\n<ul class=\"wp-block-list\">\n<li>Enrojecimiento intenso, dolor, hinchaz\u00f3n o calor en la zona afectada.<\/li>\n\n\n\n<li>Fiebre, cansancio, dolor de cabeza o malestar general.<\/li>\n\n\n\n<li>Dificultad para respirar, palpitaciones o hinchaz\u00f3n en la cara o lengua (signos de alergia grave).<\/li>\n\n\n\n<li>Aparici\u00f3n de ampollas, pus o heridas infectadas.<\/li>\n\n\n\n<li>En el caso del Virus del Nilo Occidental: fiebre alta, rigidez en el cuello, desorientaci\u00f3n, convulsiones o p\u00e9rdida de conciencia.<\/li>\n<\/ul>\n\n\n\n<hr class=\"wp-block-separator has-alpha-channel-opacity\"\/>\n\n\n\n<h3 class=\"wp-block-heading\">\ud83d\udee0\ufe0f Primeros auxilios b\u00e1sicos<\/h3>\n\n\n\n<p>Durante el taller se ofrecen recursos pr\u00e1cticos para actuar ante una picadura:<\/p>\n\n\n\n<ol class=\"wp-block-list\">\n<li><strong>Lavar bien la zona con agua y jab\u00f3n<\/strong>.<\/li>\n\n\n\n<li><strong>Evitar rascarse<\/strong>, para prevenir infecciones.<\/li>\n\n\n\n<li><strong>Aplicar fr\u00edo local<\/strong> (con un pa\u00f1o limpio o algo fresco).<\/li>\n\n\n\n<li><strong>Cubrir con ropa limpia y suelta<\/strong> si hay ampollas o heridas.<\/li>\n\n\n\n<li>En caso de s\u00edntomas graves: <strong>buscar atenci\u00f3n m\u00e9dica urgente o avisar a un recurso cercano<\/strong> (112, SAMUR, Cruz Roja, dispositivos m\u00f3viles, etc.).<\/li>\n<\/ol>\n\n\n\n<p>Tambi\u00e9n entregamos kits higi\u00e9nicos b\u00e1sicos con antis\u00e9pticos, gasas, y folletos informativos.<\/p>\n\n\n\n<hr class=\"wp-block-separator has-alpha-channel-opacity\"\/>\n\n\n\n<h3 class=\"wp-block-heading\">\ud83e\uddec \u00bfQu\u00e9 es el Virus del Nilo Occidental?<\/h3>\n\n\n\n<p>Es una enfermedad <strong>v\u00edrica transmitida por la picadura de ciertos mosquitos<\/strong>, que se alimentan de aves infectadas y luego pueden picar a humanos. La mayor\u00eda de las personas no presenta s\u00edntomas, pero en casos graves puede provocar inflamaci\u00f3n del cerebro (<em>encefalitis<\/em>) o de las membranas que lo rodean (<em>meningitis<\/em>), especialmente en personas con salud vulnerable o defensas bajas.<\/p>\n\n\n\n<p>No tiene tratamiento espec\u00edfico, por lo que <strong>la prevenci\u00f3n es clave<\/strong>.<\/p>\n\n\n\n<h4 class=\"wp-block-heading\">\u00bfC\u00f3mo prevenirlo?<\/h4>\n\n\n\n<ul class=\"wp-block-list\">\n<li>Usar ropa que cubra brazos y piernas al anochecer.<\/li>\n\n\n\n<li>Evitar zonas con agua estancada (charcos, fuentes, cubos).<\/li>\n\n\n\n<li>Mantener la higiene personal y del entorno.<\/li>\n\n\n\n<li>Aplicar repelentes si se tiene acceso a ellos.<\/li>\n<\/ul>\n\n\n\n<hr class=\"wp-block-separator has-alpha-channel-opacity\"\/>\n\n\n\n<h3 class=\"wp-block-heading\">\ud83d\udcac Un espacio cercano, pr\u00e1ctico y sin juicios<\/h3>\n\n\n\n<p>Este taller no solo ofrece informaci\u00f3n, sino que crea un <strong>espacio de confianza<\/strong>, donde se escucha a las personas, se resuelven dudas y se promueve el autocuidado desde la realidad de la calle. Porque todas las personas merecen proteger su salud, tengan o no un techo.<\/p>\n\n\n\n<hr class=\"wp-block-separator has-alpha-channel-opacity\"\/>\n\n\n\n<h3 class=\"wp-block-heading\">\ud83e\udd1d \u00bfD\u00f3nde y cu\u00e1ndo?<\/h3>\n\n\n\n<p>Realizamos sesiones en albergues, centros de d\u00eda, parroquias y dispositivos m\u00f3viles de atenci\u00f3n social. Tambi\u00e9n colaboramos con otras entidades que trabajan con personas sin hogar.<\/p>\n\n\n\n<p>\ud83d\udce9 Si eres profesional, voluntario o parte de una organizaci\u00f3n y quieres llevar este taller a tu zona, <strong>contacta con nosotros<\/strong>.<\/p>\n\n\n\n<hr class=\"wp-block-separator has-alpha-channel-opacity\"\/>\n\n\n\n<p><strong>\u00a1La salud no es un privilegio, es un derecho!<\/strong><\/p>\n\n\n\n<hr class=\"wp-block-separator has-alpha-channel-opacity\"\/>\n\n\n\n<figure class=\"wp-block-gallery has-nested-images columns-default is-cropped wp-block-gallery-1 is-layout-flex wp-block-gallery-is-layout-flex\">\n<figure class=\"wp-block-image size-large\"><img fetchpriority=\"high\" decoding=\"async\" width=\"768\" height=\"1024\" data-id=\"3842\" src=\"https:\/\/masquefarmacia.org\/wp-content\/uploads\/2025\/06\/ELIGE-LA-VIDA-TALLER-PICADURAS-INSECTOS-2025-06-12-1-768x1024.jpg\" alt=\"\" class=\"wp-image-3842\" srcset=\"https:\/\/masquefarmacia.org\/wp-content\/uploads\/2025\/06\/ELIGE-LA-VIDA-TALLER-PICADURAS-INSECTOS-2025-06-12-1-768x1024.jpg 768w, https:\/\/masquefarmacia.org\/wp-content\/uploads\/2025\/06\/ELIGE-LA-VIDA-TALLER-PICADURAS-INSECTOS-2025-06-12-1-225x300.jpg 225w, https:\/\/masquefarmacia.org\/wp-content\/uploads\/2025\/06\/ELIGE-LA-VIDA-TALLER-PICADURAS-INSECTOS-2025-06-12-1-1152x1536.jpg 1152w, https:\/\/masquefarmacia.org\/wp-content\/uploads\/2025\/06\/ELIGE-LA-VIDA-TALLER-PICADURAS-INSECTOS-2025-06-12-1-1536x2048.jpg 1536w, https:\/\/masquefarmacia.org\/wp-content\/uploads\/2025\/06\/ELIGE-LA-VIDA-TALLER-PICADURAS-INSECTOS-2025-06-12-1-600x800.jpg 600w, https:\/\/masquefarmacia.org\/wp-content\/uploads\/2025\/06\/ELIGE-LA-VIDA-TALLER-PICADURAS-INSECTOS-2025-06-12-1-scaled.jpg 1920w\" sizes=\"(max-width: 768px) 100vw, 768px\" \/><\/figure>\n\n\n\n<figure class=\"wp-block-image size-large\"><img decoding=\"async\" width=\"768\" height=\"1024\" data-id=\"3847\" src=\"https:\/\/masquefarmacia.org\/wp-content\/uploads\/2025\/06\/ELIGE-LA-VIDA-TALLER-PICADURAS-INSECTOS-2025-06-12-15-768x1024.jpg\" alt=\"\" class=\"wp-image-3847\" srcset=\"https:\/\/masquefarmacia.org\/wp-content\/uploads\/2025\/06\/ELIGE-LA-VIDA-TALLER-PICADURAS-INSECTOS-2025-06-12-15-768x1024.jpg 768w, https:\/\/masquefarmacia.org\/wp-content\/uploads\/2025\/06\/ELIGE-LA-VIDA-TALLER-PICADURAS-INSECTOS-2025-06-12-15-225x300.jpg 225w, https:\/\/masquefarmacia.org\/wp-content\/uploads\/2025\/06\/ELIGE-LA-VIDA-TALLER-PICADURAS-INSECTOS-2025-06-12-15-1152x1536.jpg 1152w, https:\/\/masquefarmacia.org\/wp-content\/uploads\/2025\/06\/ELIGE-LA-VIDA-TALLER-PICADURAS-INSECTOS-2025-06-12-15-1536x2048.jpg 1536w, https:\/\/masquefarmacia.org\/wp-content\/uploads\/2025\/06\/ELIGE-LA-VIDA-TALLER-PICADURAS-INSECTOS-2025-06-12-15-600x800.jpg 600w, https:\/\/masquefarmacia.org\/wp-content\/uploads\/2025\/06\/ELIGE-LA-VIDA-TALLER-PICADURAS-INSECTOS-2025-06-12-15-scaled.jpg 1920w\" sizes=\"(max-width: 768px) 100vw, 768px\" \/><\/figure>\n\n\n\n<figure class=\"wp-block-image size-large\"><img decoding=\"async\" width=\"768\" height=\"1024\" data-id=\"3846\" src=\"https:\/\/masquefarmacia.org\/wp-content\/uploads\/2025\/06\/ELIGE-LA-VIDA-TALLER-PICADURAS-INSECTOS-2025-06-12-14-768x1024.jpg\" alt=\"\" class=\"wp-image-3846\" srcset=\"https:\/\/masquefarmacia.org\/wp-content\/uploads\/2025\/06\/ELIGE-LA-VIDA-TALLER-PICADURAS-INSECTOS-2025-06-12-14-768x1024.jpg 768w, https:\/\/masquefarmacia.org\/wp-content\/uploads\/2025\/06\/ELIGE-LA-VIDA-TALLER-PICADURAS-INSECTOS-2025-06-12-14-225x300.jpg 225w, https:\/\/masquefarmacia.org\/wp-content\/uploads\/2025\/06\/ELIGE-LA-VIDA-TALLER-PICADURAS-INSECTOS-2025-06-12-14-1152x1536.jpg 1152w, https:\/\/masquefarmacia.org\/wp-content\/uploads\/2025\/06\/ELIGE-LA-VIDA-TALLER-PICADURAS-INSECTOS-2025-06-12-14-1536x2048.jpg 1536w, https:\/\/masquefarmacia.org\/wp-content\/uploads\/2025\/06\/ELIGE-LA-VIDA-TALLER-PICADURAS-INSECTOS-2025-06-12-14-600x800.jpg 600w, https:\/\/masquefarmacia.org\/wp-content\/uploads\/2025\/06\/ELIGE-LA-VIDA-TALLER-PICADURAS-INSECTOS-2025-06-12-14-scaled.jpg 1920w\" sizes=\"(max-width: 768px) 100vw, 768px\" \/><\/figure>\n\n\n\n<figure class=\"wp-block-image size-large\"><img loading=\"lazy\" decoding=\"async\" width=\"768\" height=\"1024\" data-id=\"3840\" src=\"https:\/\/masquefarmacia.org\/wp-content\/uploads\/2025\/06\/ELIGE-LA-VIDA-TALLER-PICADURAS-INSECTOS-2025-06-12-13-1-768x1024.jpg\" alt=\"\" class=\"wp-image-3840\" srcset=\"https:\/\/masquefarmacia.org\/wp-content\/uploads\/2025\/06\/ELIGE-LA-VIDA-TALLER-PICADURAS-INSECTOS-2025-06-12-13-1-768x1024.jpg 768w, https:\/\/masquefarmacia.org\/wp-content\/uploads\/2025\/06\/ELIGE-LA-VIDA-TALLER-PICADURAS-INSECTOS-2025-06-12-13-1-225x300.jpg 225w, https:\/\/masquefarmacia.org\/wp-content\/uploads\/2025\/06\/ELIGE-LA-VIDA-TALLER-PICADURAS-INSECTOS-2025-06-12-13-1-1152x1536.jpg 1152w, https:\/\/masquefarmacia.org\/wp-content\/uploads\/2025\/06\/ELIGE-LA-VIDA-TALLER-PICADURAS-INSECTOS-2025-06-12-13-1-1536x2048.jpg 1536w, https:\/\/masquefarmacia.org\/wp-content\/uploads\/2025\/06\/ELIGE-LA-VIDA-TALLER-PICADURAS-INSECTOS-2025-06-12-13-1-600x800.jpg 600w, https:\/\/masquefarmacia.org\/wp-content\/uploads\/2025\/06\/ELIGE-LA-VIDA-TALLER-PICADURAS-INSECTOS-2025-06-12-13-1-scaled.jpg 1920w\" sizes=\"(max-width: 768px) 100vw, 768px\" \/><\/figure>\n\n\n\n<figure class=\"wp-block-image size-large\"><img loading=\"lazy\" decoding=\"async\" width=\"768\" height=\"1024\" data-id=\"3844\" src=\"https:\/\/masquefarmacia.org\/wp-content\/uploads\/2025\/06\/ELIGE-LA-VIDA-TALLER-PICADURAS-INSECTOS-2025-06-12-11-768x1024.jpg\" alt=\"\" class=\"wp-image-3844\" srcset=\"https:\/\/masquefarmacia.org\/wp-content\/uploads\/2025\/06\/ELIGE-LA-VIDA-TALLER-PICADURAS-INSECTOS-2025-06-12-11-768x1024.jpg 768w, https:\/\/masquefarmacia.org\/wp-content\/uploads\/2025\/06\/ELIGE-LA-VIDA-TALLER-PICADURAS-INSECTOS-2025-06-12-11-225x300.jpg 225w, https:\/\/masquefarmacia.org\/wp-content\/uploads\/2025\/06\/ELIGE-LA-VIDA-TALLER-PICADURAS-INSECTOS-2025-06-12-11-1152x1536.jpg 1152w, https:\/\/masquefarmacia.org\/wp-content\/uploads\/2025\/06\/ELIGE-LA-VIDA-TALLER-PICADURAS-INSECTOS-2025-06-12-11-1536x2048.jpg 1536w, https:\/\/masquefarmacia.org\/wp-content\/uploads\/2025\/06\/ELIGE-LA-VIDA-TALLER-PICADURAS-INSECTOS-2025-06-12-11-600x800.jpg 600w, https:\/\/masquefarmacia.org\/wp-content\/uploads\/2025\/06\/ELIGE-LA-VIDA-TALLER-PICADURAS-INSECTOS-2025-06-12-11-scaled.jpg 1920w\" sizes=\"(max-width: 768px) 100vw, 768px\" \/><\/figure>\n\n\n\n<figure class=\"wp-block-image size-large\"><img loading=\"lazy\" decoding=\"async\" width=\"768\" height=\"1024\" data-id=\"3845\" src=\"https:\/\/masquefarmacia.org\/wp-content\/uploads\/2025\/06\/ELIGE-LA-VIDA-TALLER-PICADURAS-INSECTOS-2025-06-12-7-768x1024.jpg\" alt=\"\" class=\"wp-image-3845\" srcset=\"https:\/\/masquefarmacia.org\/wp-content\/uploads\/2025\/06\/ELIGE-LA-VIDA-TALLER-PICADURAS-INSECTOS-2025-06-12-7-768x1024.jpg 768w, https:\/\/masquefarmacia.org\/wp-content\/uploads\/2025\/06\/ELIGE-LA-VIDA-TALLER-PICADURAS-INSECTOS-2025-06-12-7-225x300.jpg 225w, https:\/\/masquefarmacia.org\/wp-content\/uploads\/2025\/06\/ELIGE-LA-VIDA-TALLER-PICADURAS-INSECTOS-2025-06-12-7-1152x1536.jpg 1152w, https:\/\/masquefarmacia.org\/wp-content\/uploads\/2025\/06\/ELIGE-LA-VIDA-TALLER-PICADURAS-INSECTOS-2025-06-12-7-1536x2048.jpg 1536w, https:\/\/masquefarmacia.org\/wp-content\/uploads\/2025\/06\/ELIGE-LA-VIDA-TALLER-PICADURAS-INSECTOS-2025-06-12-7-600x800.jpg 600w, https:\/\/masquefarmacia.org\/wp-content\/uploads\/2025\/06\/ELIGE-LA-VIDA-TALLER-PICADURAS-INSECTOS-2025-06-12-7-scaled.jpg 1920w\" sizes=\"(max-width: 768px) 100vw, 768px\" \/><\/figure>\n\n\n\n\n\n<figure class=\"wp-block-image size-large\"><img loading=\"lazy\" decoding=\"async\" width=\"768\" height=\"1024\" data-id=\"3843\" src=\"https:\/\/masquefarmacia.org\/wp-content\/uploads\/2025\/06\/ELIGE-LA-VIDA-TALLER-PICADURAS-INSECTOS-2025-06-12-5-768x1024.jpg\" alt=\"\" class=\"wp-image-3843\" srcset=\"https:\/\/masquefarmacia.org\/wp-content\/uploads\/2025\/06\/ELIGE-LA-VIDA-TALLER-PICADURAS-INSECTOS-2025-06-12-5-768x1024.jpg 768w, https:\/\/masquefarmacia.org\/wp-content\/uploads\/2025\/06\/ELIGE-LA-VIDA-TALLER-PICADURAS-INSECTOS-2025-06-12-5-225x300.jpg 225w, https:\/\/masquefarmacia.org\/wp-content\/uploads\/2025\/06\/ELIGE-LA-VIDA-TALLER-PICADURAS-INSECTOS-2025-06-12-5-1152x1536.jpg 1152w, https:\/\/masquefarmacia.org\/wp-content\/uploads\/2025\/06\/ELIGE-LA-VIDA-TALLER-PICADURAS-INSECTOS-2025-06-12-5-1536x2048.jpg 1536w, https:\/\/masquefarmacia.org\/wp-content\/uploads\/2025\/06\/ELIGE-LA-VIDA-TALLER-PICADURAS-INSECTOS-2025-06-12-5-600x800.jpg 600w, https:\/\/masquefarmacia.org\/wp-content\/uploads\/2025\/06\/ELIGE-LA-VIDA-TALLER-PICADURAS-INSECTOS-2025-06-12-5-scaled.jpg 1920w\" sizes=\"(max-width: 768px) 100vw, 768px\" \/><\/figure>\n<\/figure>\n","protected":false},"excerpt":{"rendered":"<p>Hoy en la Asociaci\u00f3n Elige la Vida hemos impartido el taller a las personas #sinhogarismo sobre las picaduras de insectos ,haciendo hincapi\u00e9 en los s\u00edntomas y primeros auxilios y la importancia del virus del Nilo. Tambi\u00e9n hemos dado pulseras repelentes mosquitos y protectores solares. \ud83d\udc1c Taller Salud y Prevenci\u00f3n: Picaduras de Insectos y Virus del [&hellip;]<\/p>\n","protected":false},"author":2,"featured_media":3839,"comment_status":"open","ping_status":"open","sticky":false,"template":"","format":"standard","meta":{"_monsterinsights_skip_tracking":false,"_monsterinsights_sitenote_active":false,"_monsterinsights_sitenote_note":"","_monsterinsights_sitenote_category":0,"_jetpack_memberships_contains_paid_content":false,"footnotes":""},"categories":[20],"tags":[],"class_list":["post-3838","post","type-post","status-publish","format-standard","has-post-thumbnail","hentry","category-accion-social"],"aioseo_notices":[],"jetpack_featured_media_url":"https:\/\/masquefarmacia.org\/wp-content\/uploads\/2025\/06\/ELIGE-LA-VIDA-TALLER-PICADURAS-INSECTOS-2025-06-12-13-scaled.jpg","jetpack_sharing_enabled":true,"_links":{"self":[{"href":"https:\/\/masquefarmacia.org\/index.php\/wp-json\/wp\/v2\/posts\/3838","targetHints":{"allow":["GET"]}}],"collection":[{"href":"https:\/\/masquefarmacia.org\/index.php\/wp-json\/wp\/v2\/posts"}],"about":[{"href":"https:\/\/masquefarmacia.org\/index.php\/wp-json\/wp\/v2\/types\/post"}],"author":[{"embeddable":true,"href":"https:\/\/masquefarmacia.org\/index.php\/wp-json\/wp\/v2\/users\/2"}],"replies":[{"embeddable":true,"href":"https:\/\/masquefarmacia.org\/index.php\/wp-json\/wp\/v2\/comments?post=3838"}],"version-history":[{"count":3,"href":"https:\/\/masquefarmacia.org\/index.php\/wp-json\/wp\/v2\/posts\/3838\/revisions"}],"predecessor-version":[{"id":3851,"href":"https:\/\/masquefarmacia.org\/index.php\/wp-json\/wp\/v2\/posts\/3838\/revisions\/3851"}],"wp:featuredmedia":[{"embeddable":true,"href":"https:\/\/masquefarmacia.org\/index.php\/wp-json\/wp\/v2\/media\/3839"}],"wp:attachment":[{"href":"https:\/\/masquefarmacia.org\/index.php\/wp-json\/wp\/v2\/media?parent=3838"}],"wp:term":[{"taxonomy":"category","embeddable":true,"href":"https:\/\/masquefarmacia.org\/index.php\/wp-json\/wp\/v2\/categories?post=3838"},{"taxonomy":"post_tag","embeddable":true,"href":"https:\/\/masquefarmacia.org\/index.php\/wp-json\/wp\/v2\/tags?post=3838"}],"curies":[{"name":"wp","href":"https:\/\/api.w.org\/{rel}","templated":true}]}}