{"id":3853,"date":"2025-07-01T12:10:36","date_gmt":"2025-07-01T12:10:36","guid":{"rendered":"https:\/\/masquefarmacia.org\/?p=3853"},"modified":"2025-07-01T12:10:38","modified_gmt":"2025-07-01T12:10:38","slug":"memoria-anual-programa-salud-y-bienestar-a-personas-sinhogar-junio-2024-2025","status":"publish","type":"post","link":"https:\/\/masquefarmacia.org\/index.php\/2025\/07\/01\/memoria-anual-programa-salud-y-bienestar-a-personas-sinhogar-junio-2024-2025\/","title":{"rendered":"Memoria Anual Programa Salud y Bienestar a Personas Sinhogar Junio 2024\/2025"},"content":{"rendered":"\n<p>Presentamos la memoria anual del&nbsp;<strong>Programa de Salud y Bienestar a Personas Sin Hogar<\/strong>, una iniciativa que durante el \u00faltimo a\u00f1o ha desarrollado&nbsp;<strong>72 actividades<\/strong>, ofreciendo&nbsp;<strong>1.476 asistencias sanitarias<\/strong>&nbsp;a personas en situaci\u00f3n de sinhogarismo gracias a la labor de&nbsp;<strong>12 profesionales sanitarios voluntarios<\/strong>.<\/p>\n\n\n\n<p>El programa ha tenido como ejes clave la&nbsp;<strong>prevenci\u00f3n, la educaci\u00f3n sanitaria y el acompa\u00f1amiento comunitario<\/strong>, con acciones dirigidas a mejorar la salud f\u00edsica, emocional y social de personas excluidas del sistema sanitario. A trav\u00e9s de controles b\u00e1sicos de salud, talleres de autocuidado y primeros auxilios, formaci\u00f3n sobre enfermedades comunes, as\u00ed como la entrega de material higi\u00e9nico y ropa, se ha actuado directamente sobre factores de riesgo sanitario y social.<\/p>\n\n\n\n<p>Las actividades se han desarrollado en colaboraci\u00f3n con entidades como&nbsp;<strong>Orden de Malta<\/strong>,&nbsp;<strong>Elige la Vida<\/strong>&nbsp;y&nbsp;<strong>Asociaci\u00f3n La Plaza<\/strong>, combinando atenci\u00f3n en centros de d\u00eda, comedores y trabajo a pie de calle. Adem\u00e1s, se han impartido&nbsp;<strong>m\u00e1s de 48 talleres formativos<\/strong>, con tem\u00e1ticas que van desde el mindfulness emocional a la reanimaci\u00f3n cardio-pulmonar (RCP), llegando a personas en extrema vulnerabilidad con un enfoque cercano y profesional.<\/p>\n\n\n\n<p>Este modelo de intervenci\u00f3n ha demostrado no solo una mejora directa en salud individual, sino tambi\u00e9n un impacto positivo en la&nbsp;<strong>autonom\u00eda, la autoestima y la inclusi\u00f3n social<\/strong>. La experiencia refuerza nuestra convicci\u00f3n de que&nbsp;<strong>la salud es un derecho<\/strong>, y que&nbsp;<strong>la dignidad se construye tambi\u00e9n desde el cuidado cotidiano y el acompa\u00f1amiento humano<\/strong>.<\/p>\n\n\n\n<p>Desde M\u00e1s Que Farmacia ORG agradecemos el compromiso y apoyo de nuestros colaboradores, voluntarios y entidades aliadas, sin los cuales este proyecto no ser\u00eda posible.&nbsp;<\/p>\n\n\n\n<div data-wp-interactive=\"core\/file\" class=\"wp-block-file\"><object data-wp-bind--hidden=\"!state.hasPdfPreview\" hidden class=\"wp-block-file__embed\" data=\"https:\/\/masquefarmacia.org\/wp-content\/uploads\/2025\/07\/Memoria-Anual-Programa-Salud-y-Bienestar-a-Personas-Sinhogar-Junio-2024-Junio-2025.pdf\" type=\"application\/pdf\" style=\"width:100%;height:600px\" aria-label=\"Incrustado de Memoria Anual Programa Salud y Bienestar a Personas Sinhogar   Junio 2024- Junio 2025.\"><\/object><a id=\"wp-block-file--media-036c91bf-9c44-4fa3-851a-de4125c4a4b4\" href=\"https:\/\/masquefarmacia.org\/wp-content\/uploads\/2025\/07\/Memoria-Anual-Programa-Salud-y-Bienestar-a-Personas-Sinhogar-Junio-2024-Junio-2025.pdf\">Memoria Anual Programa Salud y Bienestar a Personas Sinhogar   Junio 2024- Junio 2025<\/a><a href=\"https:\/\/masquefarmacia.org\/wp-content\/uploads\/2025\/07\/Memoria-Anual-Programa-Salud-y-Bienestar-a-Personas-Sinhogar-Junio-2024-Junio-2025.pdf\" class=\"wp-block-file__button wp-element-button\" download aria-describedby=\"wp-block-file--media-036c91bf-9c44-4fa3-851a-de4125c4a4b4\">Descarga<\/a><\/div>\n","protected":false},"excerpt":{"rendered":"<p>Presentamos la memoria anual del&nbsp;Programa de Salud y Bienestar a Personas Sin Hogar, una iniciativa que durante el \u00faltimo a\u00f1o ha desarrollado&nbsp;72 actividades, ofreciendo&nbsp;1.476 asistencias sanitarias&nbsp;a personas en situaci\u00f3n de sinhogarismo gracias a la labor de&nbsp;12 profesionales sanitarios voluntarios. El programa ha tenido como ejes clave la&nbsp;prevenci\u00f3n, la educaci\u00f3n sanitaria y el acompa\u00f1amiento comunitario, con [&hellip;]<\/p>\n","protected":false},"author":2,"featured_media":3855,"comment_status":"open","ping_status":"open","sticky":false,"template":"","format":"standard","meta":{"_monsterinsights_skip_tracking":false,"_monsterinsights_sitenote_active":false,"_monsterinsights_sitenote_note":"","_monsterinsights_sitenote_category":0,"_jetpack_memberships_contains_paid_content":false,"footnotes":""},"categories":[20],"tags":[],"class_list":["post-3853","post","type-post","status-publish","format-standard","has-post-thumbnail","hentry","category-accion-social"],"aioseo_notices":[],"jetpack_featured_media_url":"https:\/\/masquefarmacia.org\/wp-content\/uploads\/2025\/07\/PORTADA-Memoria-Anual-Programa-Salud-y-Bienestar-a-Personas-Sinhogar-Junio-2024-Junio-2025.png","jetpack_sharing_enabled":true,"_links":{"self":[{"href":"https:\/\/masquefarmacia.org\/index.php\/wp-json\/wp\/v2\/posts\/3853","targetHints":{"allow":["GET"]}}],"collection":[{"href":"https:\/\/masquefarmacia.org\/index.php\/wp-json\/wp\/v2\/posts"}],"about":[{"href":"https:\/\/masquefarmacia.org\/index.php\/wp-json\/wp\/v2\/types\/post"}],"author":[{"embeddable":true,"href":"https:\/\/masquefarmacia.org\/index.php\/wp-json\/wp\/v2\/users\/2"}],"replies":[{"embeddable":true,"href":"https:\/\/masquefarmacia.org\/index.php\/wp-json\/wp\/v2\/comments?post=3853"}],"version-history":[{"count":1,"href":"https:\/\/masquefarmacia.org\/index.php\/wp-json\/wp\/v2\/posts\/3853\/revisions"}],"predecessor-version":[{"id":3856,"href":"https:\/\/masquefarmacia.org\/index.php\/wp-json\/wp\/v2\/posts\/3853\/revisions\/3856"}],"wp:featuredmedia":[{"embeddable":true,"href":"https:\/\/masquefarmacia.org\/index.php\/wp-json\/wp\/v2\/media\/3855"}],"wp:attachment":[{"href":"https:\/\/masquefarmacia.org\/index.php\/wp-json\/wp\/v2\/media?parent=3853"}],"wp:term":[{"taxonomy":"category","embeddable":true,"href":"https:\/\/masquefarmacia.org\/index.php\/wp-json\/wp\/v2\/categories?post=3853"},{"taxonomy":"post_tag","embeddable":true,"href":"https:\/\/masquefarmacia.org\/index.php\/wp-json\/wp\/v2\/tags?post=3853"}],"curies":[{"name":"wp","href":"https:\/\/api.w.org\/{rel}","templated":true}]}}