{"id":3857,"date":"2025-07-06T20:25:45","date_gmt":"2025-07-06T20:25:45","guid":{"rendered":"https:\/\/masquefarmacia.org\/?p=3857"},"modified":"2025-07-06T20:26:11","modified_gmt":"2025-07-06T20:26:11","slug":"taller-de-prevencion-del-golpe-de-calor-e-insolacion-a-personas-inmigrantes","status":"publish","type":"post","link":"https:\/\/masquefarmacia.org\/index.php\/2025\/07\/06\/taller-de-prevencion-del-golpe-de-calor-e-insolacion-a-personas-inmigrantes\/","title":{"rendered":"Taller de Prevenci\u00f3n de Golpe de Calor e Insolaci\u00f3n a personas inmigrantes"},"content":{"rendered":"\n<p>El cambio clim\u00e1tico y las altas temperaturas estivales afectan con mayor intensidad a los colectivos m\u00e1s vulnerables. Las personas inmigrantes, especialmente aquellas que trabajan al aire libre, carecen de recursos adecuados o viven en condiciones precarias, est\u00e1n particularmente expuestas a los riesgos del <strong>golpe de calor y la insolaci\u00f3n<\/strong>. Por ello, desde nuestro <strong>programa de promoci\u00f3n y prevenci\u00f3n de la salud y el bienestar<\/strong>, hemos dise\u00f1ado este <strong>taller pr\u00e1ctico y accesible<\/strong>, impartido por profesionales sanitarios, para proporcionar herramientas clave que les permitan <strong>identificar, prevenir y actuar frente a estos riesgos t\u00e9rmicos<\/strong>.<\/p>\n\n\n\n<p>Este taller tiene como objetivo principal <strong>proteger la salud y salvar vidas<\/strong>. A trav\u00e9s de sesiones claras, din\u00e1micas y culturalmente adaptadas, se ofrece informaci\u00f3n esencial sobre las causas, s\u00edntomas y consecuencias del golpe de calor e insolaci\u00f3n, as\u00ed como las medidas preventivas que cada persona puede aplicar en su d\u00eda a d\u00eda, tanto en el trabajo como en su entorno dom\u00e9stico.<\/p>\n\n\n\n<p>Durante la formaci\u00f3n, se abordan de forma comprensible los <strong>factores de riesgo<\/strong>, como la exposici\u00f3n prolongada al sol, la falta de hidrataci\u00f3n, el uso de ropa inadecuada, o las condiciones laborales extremas. Tambi\u00e9n se ense\u00f1a a <strong>reconocer los signos de alarma<\/strong> \u2014mareos, confusi\u00f3n, piel caliente y seca, v\u00f3mitos, convulsiones o p\u00e9rdida de conciencia\u2014 y se explica c\u00f3mo actuar r\u00e1pidamente para <strong>prevenir consecuencias graves, como el da\u00f1o neurol\u00f3gico o incluso la muerte<\/strong>.<\/p>\n\n\n\n<p>Adem\u00e1s, se ofrecen <strong>consejos pr\u00e1cticos y realistas<\/strong> adaptados a contextos laborales y sociales diversos: c\u00f3mo hidratarse correctamente, c\u00f3mo confeccionar una gorra casera, c\u00f3mo improvisar sombra, qu\u00e9 hacer ante una emergencia t\u00e9rmica si se est\u00e1 en la calle o sin recursos, y c\u00f3mo apoyar a compa\u00f1eros en riesgo.<\/p>\n\n\n\n<p>El taller tiene un fuerte componente de <strong>interacci\u00f3n y empoderamiento comunitario<\/strong>, promoviendo el intercambio de experiencias entre participantes y fomentando redes de apoyo. Tambi\u00e9n se entregan materiales visuales multiling\u00fces (carteles, gu\u00edas, recordatorios) para reforzar los aprendizajes y difundir el mensaje en otros entornos.<\/p>\n\n\n\n<p>Con este taller, reafirmamos nuestro compromiso con la <strong>equidad en salud<\/strong>, la <strong>inclusi\u00f3n social<\/strong> y la construcci\u00f3n de entornos seguros y saludables para todas las personas, independientemente de su procedencia.<\/p>\n\n\n\n<p>\u00a1La salud es un derecho!<\/p>\n\n\n\n<figure class=\"wp-block-gallery has-nested-images columns-default is-cropped wp-block-gallery-1 is-layout-flex wp-block-gallery-is-layout-flex\">\n<figure class=\"wp-block-image size-large\"><img fetchpriority=\"high\" decoding=\"async\" width=\"1024\" height=\"768\" data-id=\"3865\" src=\"https:\/\/masquefarmacia.org\/wp-content\/uploads\/2025\/07\/CARITAS-TALLER-2025-07-04-GOLPE-DE-CALOR-E-INSOLACION-1-1024x768.jpg\" alt=\"\" class=\"wp-image-3865\" srcset=\"https:\/\/masquefarmacia.org\/wp-content\/uploads\/2025\/07\/CARITAS-TALLER-2025-07-04-GOLPE-DE-CALOR-E-INSOLACION-1-1024x768.jpg 1024w, https:\/\/masquefarmacia.org\/wp-content\/uploads\/2025\/07\/CARITAS-TALLER-2025-07-04-GOLPE-DE-CALOR-E-INSOLACION-1-300x225.jpg 300w, https:\/\/masquefarmacia.org\/wp-content\/uploads\/2025\/07\/CARITAS-TALLER-2025-07-04-GOLPE-DE-CALOR-E-INSOLACION-1-768x576.jpg 768w, https:\/\/masquefarmacia.org\/wp-content\/uploads\/2025\/07\/CARITAS-TALLER-2025-07-04-GOLPE-DE-CALOR-E-INSOLACION-1-1536x1152.jpg 1536w, https:\/\/masquefarmacia.org\/wp-content\/uploads\/2025\/07\/CARITAS-TALLER-2025-07-04-GOLPE-DE-CALOR-E-INSOLACION-1-2048x1536.jpg 2048w, https:\/\/masquefarmacia.org\/wp-content\/uploads\/2025\/07\/CARITAS-TALLER-2025-07-04-GOLPE-DE-CALOR-E-INSOLACION-1-600x450.jpg 600w\" sizes=\"(max-width: 1024px) 100vw, 1024px\" \/><\/figure>\n\n\n\n<figure class=\"wp-block-image size-large\"><img decoding=\"async\" width=\"1024\" height=\"768\" data-id=\"3864\" src=\"https:\/\/masquefarmacia.org\/wp-content\/uploads\/2025\/07\/CARITAS-TALLER-2025-07-04-GOLPE-DE-CALOR-E-INSOLACION-28-1024x768.jpg\" alt=\"\" class=\"wp-image-3864\" srcset=\"https:\/\/masquefarmacia.org\/wp-content\/uploads\/2025\/07\/CARITAS-TALLER-2025-07-04-GOLPE-DE-CALOR-E-INSOLACION-28-1024x768.jpg 1024w, https:\/\/masquefarmacia.org\/wp-content\/uploads\/2025\/07\/CARITAS-TALLER-2025-07-04-GOLPE-DE-CALOR-E-INSOLACION-28-300x225.jpg 300w, https:\/\/masquefarmacia.org\/wp-content\/uploads\/2025\/07\/CARITAS-TALLER-2025-07-04-GOLPE-DE-CALOR-E-INSOLACION-28-768x576.jpg 768w, https:\/\/masquefarmacia.org\/wp-content\/uploads\/2025\/07\/CARITAS-TALLER-2025-07-04-GOLPE-DE-CALOR-E-INSOLACION-28-1536x1152.jpg 1536w, https:\/\/masquefarmacia.org\/wp-content\/uploads\/2025\/07\/CARITAS-TALLER-2025-07-04-GOLPE-DE-CALOR-E-INSOLACION-28-2048x1536.jpg 2048w, https:\/\/masquefarmacia.org\/wp-content\/uploads\/2025\/07\/CARITAS-TALLER-2025-07-04-GOLPE-DE-CALOR-E-INSOLACION-28-600x450.jpg 600w\" sizes=\"(max-width: 1024px) 100vw, 1024px\" \/><\/figure>\n\n\n\n<figure class=\"wp-block-image size-large\"><img decoding=\"async\" width=\"1024\" height=\"768\" data-id=\"3861\" src=\"https:\/\/masquefarmacia.org\/wp-content\/uploads\/2025\/07\/CARITAS-TALLER-2025-07-04-GOLPE-DE-CALOR-E-INSOLACION-13-1024x768.jpg\" alt=\"\" class=\"wp-image-3861\" srcset=\"https:\/\/masquefarmacia.org\/wp-content\/uploads\/2025\/07\/CARITAS-TALLER-2025-07-04-GOLPE-DE-CALOR-E-INSOLACION-13-1024x768.jpg 1024w, https:\/\/masquefarmacia.org\/wp-content\/uploads\/2025\/07\/CARITAS-TALLER-2025-07-04-GOLPE-DE-CALOR-E-INSOLACION-13-300x225.jpg 300w, https:\/\/masquefarmacia.org\/wp-content\/uploads\/2025\/07\/CARITAS-TALLER-2025-07-04-GOLPE-DE-CALOR-E-INSOLACION-13-768x576.jpg 768w, https:\/\/masquefarmacia.org\/wp-content\/uploads\/2025\/07\/CARITAS-TALLER-2025-07-04-GOLPE-DE-CALOR-E-INSOLACION-13-1536x1152.jpg 1536w, https:\/\/masquefarmacia.org\/wp-content\/uploads\/2025\/07\/CARITAS-TALLER-2025-07-04-GOLPE-DE-CALOR-E-INSOLACION-13-2048x1536.jpg 2048w, https:\/\/masquefarmacia.org\/wp-content\/uploads\/2025\/07\/CARITAS-TALLER-2025-07-04-GOLPE-DE-CALOR-E-INSOLACION-13-600x450.jpg 600w\" sizes=\"(max-width: 1024px) 100vw, 1024px\" \/><\/figure>\n\n\n\n<figure class=\"wp-block-image size-large\"><img loading=\"lazy\" decoding=\"async\" width=\"1024\" height=\"768\" data-id=\"3858\" src=\"https:\/\/masquefarmacia.org\/wp-content\/uploads\/2025\/07\/CARITAS-TALLER-2025-07-04-GOLPE-DE-CALOR-E-INSOLACION-10-1024x768.jpg\" alt=\"\" class=\"wp-image-3858\" srcset=\"https:\/\/masquefarmacia.org\/wp-content\/uploads\/2025\/07\/CARITAS-TALLER-2025-07-04-GOLPE-DE-CALOR-E-INSOLACION-10-1024x768.jpg 1024w, https:\/\/masquefarmacia.org\/wp-content\/uploads\/2025\/07\/CARITAS-TALLER-2025-07-04-GOLPE-DE-CALOR-E-INSOLACION-10-300x225.jpg 300w, https:\/\/masquefarmacia.org\/wp-content\/uploads\/2025\/07\/CARITAS-TALLER-2025-07-04-GOLPE-DE-CALOR-E-INSOLACION-10-768x576.jpg 768w, https:\/\/masquefarmacia.org\/wp-content\/uploads\/2025\/07\/CARITAS-TALLER-2025-07-04-GOLPE-DE-CALOR-E-INSOLACION-10-1536x1152.jpg 1536w, https:\/\/masquefarmacia.org\/wp-content\/uploads\/2025\/07\/CARITAS-TALLER-2025-07-04-GOLPE-DE-CALOR-E-INSOLACION-10-2048x1536.jpg 2048w, https:\/\/masquefarmacia.org\/wp-content\/uploads\/2025\/07\/CARITAS-TALLER-2025-07-04-GOLPE-DE-CALOR-E-INSOLACION-10-600x450.jpg 600w\" sizes=\"(max-width: 1024px) 100vw, 1024px\" \/><\/figure>\n\n\n\n<figure class=\"wp-block-image size-large\"><img loading=\"lazy\" decoding=\"async\" width=\"1024\" height=\"768\" data-id=\"3862\" src=\"https:\/\/masquefarmacia.org\/wp-content\/uploads\/2025\/07\/CARITAS-TALLER-2025-07-04-GOLPE-DE-CALOR-E-INSOLACION-8-1024x768.jpg\" alt=\"\" class=\"wp-image-3862\" srcset=\"https:\/\/masquefarmacia.org\/wp-content\/uploads\/2025\/07\/CARITAS-TALLER-2025-07-04-GOLPE-DE-CALOR-E-INSOLACION-8-1024x768.jpg 1024w, https:\/\/masquefarmacia.org\/wp-content\/uploads\/2025\/07\/CARITAS-TALLER-2025-07-04-GOLPE-DE-CALOR-E-INSOLACION-8-300x225.jpg 300w, https:\/\/masquefarmacia.org\/wp-content\/uploads\/2025\/07\/CARITAS-TALLER-2025-07-04-GOLPE-DE-CALOR-E-INSOLACION-8-768x576.jpg 768w, https:\/\/masquefarmacia.org\/wp-content\/uploads\/2025\/07\/CARITAS-TALLER-2025-07-04-GOLPE-DE-CALOR-E-INSOLACION-8-1536x1152.jpg 1536w, https:\/\/masquefarmacia.org\/wp-content\/uploads\/2025\/07\/CARITAS-TALLER-2025-07-04-GOLPE-DE-CALOR-E-INSOLACION-8-2048x1536.jpg 2048w, https:\/\/masquefarmacia.org\/wp-content\/uploads\/2025\/07\/CARITAS-TALLER-2025-07-04-GOLPE-DE-CALOR-E-INSOLACION-8-600x450.jpg 600w\" sizes=\"(max-width: 1024px) 100vw, 1024px\" \/><\/figure>\n\n\n\n<figure class=\"wp-block-image size-large\"><img loading=\"lazy\" decoding=\"async\" width=\"1024\" height=\"768\" data-id=\"3860\" src=\"https:\/\/masquefarmacia.org\/wp-content\/uploads\/2025\/07\/CARITAS-TALLER-2025-07-04-GOLPE-DE-CALOR-E-INSOLACION-7-1024x768.jpg\" alt=\"\" class=\"wp-image-3860\" srcset=\"https:\/\/masquefarmacia.org\/wp-content\/uploads\/2025\/07\/CARITAS-TALLER-2025-07-04-GOLPE-DE-CALOR-E-INSOLACION-7-1024x768.jpg 1024w, https:\/\/masquefarmacia.org\/wp-content\/uploads\/2025\/07\/CARITAS-TALLER-2025-07-04-GOLPE-DE-CALOR-E-INSOLACION-7-300x225.jpg 300w, https:\/\/masquefarmacia.org\/wp-content\/uploads\/2025\/07\/CARITAS-TALLER-2025-07-04-GOLPE-DE-CALOR-E-INSOLACION-7-768x576.jpg 768w, https:\/\/masquefarmacia.org\/wp-content\/uploads\/2025\/07\/CARITAS-TALLER-2025-07-04-GOLPE-DE-CALOR-E-INSOLACION-7-1536x1152.jpg 1536w, https:\/\/masquefarmacia.org\/wp-content\/uploads\/2025\/07\/CARITAS-TALLER-2025-07-04-GOLPE-DE-CALOR-E-INSOLACION-7-2048x1536.jpg 2048w, https:\/\/masquefarmacia.org\/wp-content\/uploads\/2025\/07\/CARITAS-TALLER-2025-07-04-GOLPE-DE-CALOR-E-INSOLACION-7-600x450.jpg 600w\" sizes=\"(max-width: 1024px) 100vw, 1024px\" \/><\/figure>\n\n\n\n<figure class=\"wp-block-image size-large\"><img loading=\"lazy\" decoding=\"async\" width=\"1024\" height=\"768\" data-id=\"3859\" src=\"https:\/\/masquefarmacia.org\/wp-content\/uploads\/2025\/07\/CARITAS-TALLER-2025-07-04-GOLPE-DE-CALOR-E-INSOLACION-5-1024x768.jpg\" alt=\"\" class=\"wp-image-3859\" srcset=\"https:\/\/masquefarmacia.org\/wp-content\/uploads\/2025\/07\/CARITAS-TALLER-2025-07-04-GOLPE-DE-CALOR-E-INSOLACION-5-1024x768.jpg 1024w, https:\/\/masquefarmacia.org\/wp-content\/uploads\/2025\/07\/CARITAS-TALLER-2025-07-04-GOLPE-DE-CALOR-E-INSOLACION-5-300x225.jpg 300w, https:\/\/masquefarmacia.org\/wp-content\/uploads\/2025\/07\/CARITAS-TALLER-2025-07-04-GOLPE-DE-CALOR-E-INSOLACION-5-768x576.jpg 768w, https:\/\/masquefarmacia.org\/wp-content\/uploads\/2025\/07\/CARITAS-TALLER-2025-07-04-GOLPE-DE-CALOR-E-INSOLACION-5-1536x1152.jpg 1536w, https:\/\/masquefarmacia.org\/wp-content\/uploads\/2025\/07\/CARITAS-TALLER-2025-07-04-GOLPE-DE-CALOR-E-INSOLACION-5-2048x1536.jpg 2048w, https:\/\/masquefarmacia.org\/wp-content\/uploads\/2025\/07\/CARITAS-TALLER-2025-07-04-GOLPE-DE-CALOR-E-INSOLACION-5-600x450.jpg 600w\" sizes=\"(max-width: 1024px) 100vw, 1024px\" \/><\/figure>\n\n\n\n<figure class=\"wp-block-image size-large\"><img loading=\"lazy\" decoding=\"async\" width=\"1024\" height=\"768\" data-id=\"3863\" src=\"https:\/\/masquefarmacia.org\/wp-content\/uploads\/2025\/07\/CARITAS-TALLER-2025-07-04-GOLPE-DE-CALOR-E-INSOLACION-3-1024x768.jpg\" alt=\"\" class=\"wp-image-3863\" srcset=\"https:\/\/masquefarmacia.org\/wp-content\/uploads\/2025\/07\/CARITAS-TALLER-2025-07-04-GOLPE-DE-CALOR-E-INSOLACION-3-1024x768.jpg 1024w, https:\/\/masquefarmacia.org\/wp-content\/uploads\/2025\/07\/CARITAS-TALLER-2025-07-04-GOLPE-DE-CALOR-E-INSOLACION-3-300x225.jpg 300w, https:\/\/masquefarmacia.org\/wp-content\/uploads\/2025\/07\/CARITAS-TALLER-2025-07-04-GOLPE-DE-CALOR-E-INSOLACION-3-768x576.jpg 768w, https:\/\/masquefarmacia.org\/wp-content\/uploads\/2025\/07\/CARITAS-TALLER-2025-07-04-GOLPE-DE-CALOR-E-INSOLACION-3-1536x1152.jpg 1536w, https:\/\/masquefarmacia.org\/wp-content\/uploads\/2025\/07\/CARITAS-TALLER-2025-07-04-GOLPE-DE-CALOR-E-INSOLACION-3-2048x1536.jpg 2048w, https:\/\/masquefarmacia.org\/wp-content\/uploads\/2025\/07\/CARITAS-TALLER-2025-07-04-GOLPE-DE-CALOR-E-INSOLACION-3-600x450.jpg 600w\" sizes=\"(max-width: 1024px) 100vw, 1024px\" \/><\/figure>\n<\/figure>\n","protected":false},"excerpt":{"rendered":"<p>El cambio clim\u00e1tico y las altas temperaturas estivales afectan con mayor intensidad a los colectivos m\u00e1s vulnerables. Las personas inmigrantes, especialmente aquellas que trabajan al aire libre, carecen de recursos adecuados o viven en condiciones precarias, est\u00e1n particularmente expuestas a los riesgos del golpe de calor y la insolaci\u00f3n. Por ello, desde nuestro programa de [&hellip;]<\/p>\n","protected":false},"author":2,"featured_media":3864,"comment_status":"open","ping_status":"open","sticky":false,"template":"","format":"standard","meta":{"_monsterinsights_skip_tracking":false,"_monsterinsights_sitenote_active":false,"_monsterinsights_sitenote_note":"","_monsterinsights_sitenote_category":0,"_jetpack_memberships_contains_paid_content":false,"footnotes":""},"categories":[20],"tags":[],"class_list":["post-3857","post","type-post","status-publish","format-standard","has-post-thumbnail","hentry","category-accion-social"],"aioseo_notices":[],"jetpack_featured_media_url":"https:\/\/masquefarmacia.org\/wp-content\/uploads\/2025\/07\/CARITAS-TALLER-2025-07-04-GOLPE-DE-CALOR-E-INSOLACION-28-scaled.jpg","jetpack_sharing_enabled":true,"_links":{"self":[{"href":"https:\/\/masquefarmacia.org\/index.php\/wp-json\/wp\/v2\/posts\/3857","targetHints":{"allow":["GET"]}}],"collection":[{"href":"https:\/\/masquefarmacia.org\/index.php\/wp-json\/wp\/v2\/posts"}],"about":[{"href":"https:\/\/masquefarmacia.org\/index.php\/wp-json\/wp\/v2\/types\/post"}],"author":[{"embeddable":true,"href":"https:\/\/masquefarmacia.org\/index.php\/wp-json\/wp\/v2\/users\/2"}],"replies":[{"embeddable":true,"href":"https:\/\/masquefarmacia.org\/index.php\/wp-json\/wp\/v2\/comments?post=3857"}],"version-history":[{"count":2,"href":"https:\/\/masquefarmacia.org\/index.php\/wp-json\/wp\/v2\/posts\/3857\/revisions"}],"predecessor-version":[{"id":3868,"href":"https:\/\/masquefarmacia.org\/index.php\/wp-json\/wp\/v2\/posts\/3857\/revisions\/3868"}],"wp:featuredmedia":[{"embeddable":true,"href":"https:\/\/masquefarmacia.org\/index.php\/wp-json\/wp\/v2\/media\/3864"}],"wp:attachment":[{"href":"https:\/\/masquefarmacia.org\/index.php\/wp-json\/wp\/v2\/media?parent=3857"}],"wp:term":[{"taxonomy":"category","embeddable":true,"href":"https:\/\/masquefarmacia.org\/index.php\/wp-json\/wp\/v2\/categories?post=3857"},{"taxonomy":"post_tag","embeddable":true,"href":"https:\/\/masquefarmacia.org\/index.php\/wp-json\/wp\/v2\/tags?post=3857"}],"curies":[{"name":"wp","href":"https:\/\/api.w.org\/{rel}","templated":true}]}}