{"id":3881,"date":"2025-07-10T18:36:20","date_gmt":"2025-07-10T18:36:20","guid":{"rendered":"https:\/\/masquefarmacia.org\/?p=3881"},"modified":"2025-07-10T18:37:10","modified_gmt":"2025-07-10T18:37:10","slug":"convenio-tripartito-entre-cof-sevilla-fundacion-prodean-y-mas-que-farmacia-en-programas-de-salud-a-personas-mayores-vulnerables","status":"publish","type":"post","link":"https:\/\/masquefarmacia.org\/index.php\/2025\/07\/10\/convenio-tripartito-entre-cof-sevilla-fundacion-prodean-y-mas-que-farmacia-en-programas-de-salud-a-personas-mayores-vulnerables\/","title":{"rendered":"Convenio tripartito entre COF Sevilla, Fundaci\u00f3n Prodean y M\u00e1s que Farmacia en programas de salud a personas mayores vulnerables"},"content":{"rendered":"\n<p>Hoy hemos suscrito un acuerdo de colaboraci\u00f3n con el Colegio Oficial de Farmac\u00e9uticos de Sevilla y la Fundaci\u00f3n Prodean, en un acto que ha contado con la participaci\u00f3n de Jaime Rom\u00e1n, presidente del COF, Mar\u00eda Garc\u00eda de los Santos, gerente de Prodean y Jes\u00fas S\u00e1nchez, presidente de MQF.<\/p>\n\n\n\n<p>Con esta iniciativa conjunta queremos promover la salud y el bienestar a personas mayores vulnerables, en situaci\u00f3n de soledad y\/o dependencia, a trav\u00e9s del siguientes programa:<\/p>\n\n\n\n<ul class=\"wp-block-list\">\n<li>Atenci\u00f3n integral para abordar tanto sus necesidades sanitarias como sociales.<\/li>\n\n\n\n<li>Prevenci\u00f3n de riesgos para la salud en mayores<\/li>\n\n\n\n<li>Talleres educativos para fomentar la autonom\u00eda personal y la prevenci\u00f3n de la fragilidad.<\/li>\n\n\n\n<li>Mejora de la adherencia y la seguridad del uso de medicamentos.<\/li>\n<\/ul>\n\n\n\n<p>Adem\u00e1s, este convenio incluye acciones como control peri\u00f3dicos de salud y de medicaci\u00f3n, y el impulso de un canal de comunicaci\u00f3n en WhastsApp con consejos y materiales para la salud en mayores.<\/p>\n\n\n\n<p>Una alianza que refuerza el compromiso con quienes m\u00e1s lo necesitan, contribuyendo activamente al cuidado y la calidad de vida de nuestros mayores.<\/p>\n\n\n\n<figure class=\"wp-block-gallery has-nested-images columns-default is-cropped wp-block-gallery-1 is-layout-flex wp-block-gallery-is-layout-flex\">\n<figure class=\"wp-block-image size-large\"><img fetchpriority=\"high\" decoding=\"async\" width=\"1024\" height=\"768\" data-id=\"3882\" src=\"https:\/\/masquefarmacia.org\/wp-content\/uploads\/2025\/07\/2025-FIRMA-CONVENIO-MQF-COF-SEVILLA-PRODEAN-2-1024x768.jpg\" alt=\"\" class=\"wp-image-3882\" srcset=\"https:\/\/masquefarmacia.org\/wp-content\/uploads\/2025\/07\/2025-FIRMA-CONVENIO-MQF-COF-SEVILLA-PRODEAN-2-1024x768.jpg 1024w, https:\/\/masquefarmacia.org\/wp-content\/uploads\/2025\/07\/2025-FIRMA-CONVENIO-MQF-COF-SEVILLA-PRODEAN-2-300x225.jpg 300w, https:\/\/masquefarmacia.org\/wp-content\/uploads\/2025\/07\/2025-FIRMA-CONVENIO-MQF-COF-SEVILLA-PRODEAN-2-768x576.jpg 768w, https:\/\/masquefarmacia.org\/wp-content\/uploads\/2025\/07\/2025-FIRMA-CONVENIO-MQF-COF-SEVILLA-PRODEAN-2-1536x1152.jpg 1536w, https:\/\/masquefarmacia.org\/wp-content\/uploads\/2025\/07\/2025-FIRMA-CONVENIO-MQF-COF-SEVILLA-PRODEAN-2-600x450.jpg 600w, https:\/\/masquefarmacia.org\/wp-content\/uploads\/2025\/07\/2025-FIRMA-CONVENIO-MQF-COF-SEVILLA-PRODEAN-2.jpg 2048w\" sizes=\"(max-width: 1024px) 100vw, 1024px\" \/><\/figure>\n\n\n\n<figure class=\"wp-block-image size-large\"><img decoding=\"async\" width=\"1024\" height=\"768\" data-id=\"3883\" src=\"https:\/\/masquefarmacia.org\/wp-content\/uploads\/2025\/07\/2025-FIRMA-CONVENIO-MQF-COF-SEVILLA-PRODEAN-1-1024x768.jpg\" alt=\"\" class=\"wp-image-3883\" srcset=\"https:\/\/masquefarmacia.org\/wp-content\/uploads\/2025\/07\/2025-FIRMA-CONVENIO-MQF-COF-SEVILLA-PRODEAN-1-1024x768.jpg 1024w, https:\/\/masquefarmacia.org\/wp-content\/uploads\/2025\/07\/2025-FIRMA-CONVENIO-MQF-COF-SEVILLA-PRODEAN-1-300x225.jpg 300w, https:\/\/masquefarmacia.org\/wp-content\/uploads\/2025\/07\/2025-FIRMA-CONVENIO-MQF-COF-SEVILLA-PRODEAN-1-768x576.jpg 768w, https:\/\/masquefarmacia.org\/wp-content\/uploads\/2025\/07\/2025-FIRMA-CONVENIO-MQF-COF-SEVILLA-PRODEAN-1-1536x1152.jpg 1536w, https:\/\/masquefarmacia.org\/wp-content\/uploads\/2025\/07\/2025-FIRMA-CONVENIO-MQF-COF-SEVILLA-PRODEAN-1-600x450.jpg 600w, https:\/\/masquefarmacia.org\/wp-content\/uploads\/2025\/07\/2025-FIRMA-CONVENIO-MQF-COF-SEVILLA-PRODEAN-1.jpg 2048w\" sizes=\"(max-width: 1024px) 100vw, 1024px\" \/><\/figure>\n<\/figure>\n","protected":false},"excerpt":{"rendered":"<p>Hoy hemos suscrito un acuerdo de colaboraci\u00f3n con el Colegio Oficial de Farmac\u00e9uticos de Sevilla y la Fundaci\u00f3n Prodean, en un acto que ha contado con la participaci\u00f3n de Jaime Rom\u00e1n, presidente del COF, Mar\u00eda Garc\u00eda de los Santos, gerente de Prodean y Jes\u00fas S\u00e1nchez, presidente de MQF. Con esta iniciativa conjunta queremos promover la [&hellip;]<\/p>\n","protected":false},"author":2,"featured_media":3882,"comment_status":"open","ping_status":"open","sticky":false,"template":"","format":"standard","meta":{"_monsterinsights_skip_tracking":false,"_monsterinsights_sitenote_active":false,"_monsterinsights_sitenote_note":"","_monsterinsights_sitenote_category":0,"_jetpack_memberships_contains_paid_content":false,"footnotes":""},"categories":[21,1],"tags":[],"class_list":["post-3881","post","type-post","status-publish","format-standard","has-post-thumbnail","hentry","category-convenios","category-sin-categoria"],"aioseo_notices":[],"jetpack_featured_media_url":"https:\/\/masquefarmacia.org\/wp-content\/uploads\/2025\/07\/2025-FIRMA-CONVENIO-MQF-COF-SEVILLA-PRODEAN-2.jpg","jetpack_sharing_enabled":true,"_links":{"self":[{"href":"https:\/\/masquefarmacia.org\/index.php\/wp-json\/wp\/v2\/posts\/3881","targetHints":{"allow":["GET"]}}],"collection":[{"href":"https:\/\/masquefarmacia.org\/index.php\/wp-json\/wp\/v2\/posts"}],"about":[{"href":"https:\/\/masquefarmacia.org\/index.php\/wp-json\/wp\/v2\/types\/post"}],"author":[{"embeddable":true,"href":"https:\/\/masquefarmacia.org\/index.php\/wp-json\/wp\/v2\/users\/2"}],"replies":[{"embeddable":true,"href":"https:\/\/masquefarmacia.org\/index.php\/wp-json\/wp\/v2\/comments?post=3881"}],"version-history":[{"count":1,"href":"https:\/\/masquefarmacia.org\/index.php\/wp-json\/wp\/v2\/posts\/3881\/revisions"}],"predecessor-version":[{"id":3884,"href":"https:\/\/masquefarmacia.org\/index.php\/wp-json\/wp\/v2\/posts\/3881\/revisions\/3884"}],"wp:featuredmedia":[{"embeddable":true,"href":"https:\/\/masquefarmacia.org\/index.php\/wp-json\/wp\/v2\/media\/3882"}],"wp:attachment":[{"href":"https:\/\/masquefarmacia.org\/index.php\/wp-json\/wp\/v2\/media?parent=3881"}],"wp:term":[{"taxonomy":"category","embeddable":true,"href":"https:\/\/masquefarmacia.org\/index.php\/wp-json\/wp\/v2\/categories?post=3881"},{"taxonomy":"post_tag","embeddable":true,"href":"https:\/\/masquefarmacia.org\/index.php\/wp-json\/wp\/v2\/tags?post=3881"}],"curies":[{"name":"wp","href":"https:\/\/api.w.org\/{rel}","templated":true}]}}