{"id":3901,"date":"2025-07-24T11:16:24","date_gmt":"2025-07-24T11:16:24","guid":{"rendered":"https:\/\/masquefarmacia.org\/?p=3901"},"modified":"2025-07-24T11:16:25","modified_gmt":"2025-07-24T11:16:25","slug":"2o-curso-de-atencion-y-bienestar-en-personas-mayores","status":"publish","type":"post","link":"https:\/\/masquefarmacia.org\/index.php\/2025\/07\/24\/2o-curso-de-atencion-y-bienestar-en-personas-mayores\/","title":{"rendered":"2\u00ba Curso de Atenci\u00f3n y Bienestar en Personas Mayores"},"content":{"rendered":"\n<figure class=\"wp-block-table\"><table class=\"has-fixed-layout\"><tbody><tr><td>Tras el \u00e9xito de la primera edici\u00f3n, M\u00e1s que Farmacia lanza de nuevo el curso\u00a0<strong>Atenci\u00f3n y Bienestar en Personas Mayores,<\/strong>\u00a0acci\u00f3n formativa que se incluye dentro del programa\u00a0<strong>Salud y Bienestar: Mayores en situaci\u00f3n de Vulnerabilidad y en Soledad<\/strong>\u00a0que tiene la entidad para formar a profesionales de la salud y cuidadores en las habilidades necesarias para el cuidado de nuestros mayores. As\u00ed mismo a estos \u00faltimos, les ofrece unas pautas completas para el autocuidado de la salud.\u00a0<br><br><strong>RESUMEN DEL CURSO<\/strong>\u00a0<br><br>El curso\u00a0<strong>\u201cAtenci\u00f3n y Bienestar en Personas Mayores\u201d<\/strong>\u00a0est\u00e1 dirigido a profesionales del \u00e1mbito sociosanitario, cuidadores y personas mayores. Ofrece herramientas para mejorar la atenci\u00f3n y el bienestar de los mayores en situaci\u00f3n de vulnerabilidad y soledad. Con una duraci\u00f3n de\u00a0<strong>15 horas<\/strong>, aborda temas clave como el envejecimiento activo, autocuidado, nutrici\u00f3n, fragilidad, aspectos psicosociales y prevenci\u00f3n de la dependencia. Tambi\u00e9n est\u00e1 abierto a estudiantes y otros profesionales del \u00e1mbito social interesados en promover un envejecimiento saludable y aut\u00f3nomo.\u00a0<br><br><strong>OBJETIVOS DEL CURSO<\/strong>\u00a0<br><br>El curso va dirigido a\u00a0<strong>profesionales del \u00e1mbito sociosanitario, cuidadores y personas mayores<\/strong>\u00a0y el objetivo es conocer una serie de acciones que faciliten la atenci\u00f3n a personas mayores en situaci\u00f3n de vulnerabilidad y soledad, poniendo los recursos adecuados para un envejecimiento saludable y el m\u00e1ximo estado de bienestar.\u00a0<br><br><strong>A QUI\u00c9N VA DIRIGIDO<\/strong>\u00a0<br><br>El curso va dirigido a profesionales socio-sanitarios que ejercen su funci\u00f3n en salud p\u00fablica y acci\u00f3n social, cuidadores, as\u00ed como a todos aquellos de otros \u00e1mbitos que quieran formarse en promoci\u00f3n de la salud orientada a nuestros mayores. Tambi\u00e9n est\u00e1 dise\u00f1ado para la participaci\u00f3n de estudiantes y personas de otras profesiones del \u00e1mbito social y por supuesto, las personas mayores.\u00a0<br><br><strong>TEMARIO<\/strong>\u00a0<br>Envejecimiento activo: Ejercicio F\u00edsicoConcepto de autocuidado.<br>La nutrici\u00f3n en el adulto mayor.<br>Envejecimiento y fragilidad.<br>Aspectos psicosociales del envejecimiento: La soledad<br>Prevenci\u00f3n de la dependencia y promoci\u00f3n de la autonom\u00eda.\u00a0<br><br><strong>DURACI\u00d3N<\/strong>\u00a0<br><br>El curso comenzar\u00e1 se desarrollar\u00e1 a partir del\u00a0<strong>4 de agosto<\/strong>, quedando abierta convocatoria de forma permanente. Se dispone por parte del alumno de dos meses para la realizaci\u00f3n del curso.\u00a0El formato es online tutorizado a trav\u00e9s de nuestra plataforma de formaci\u00f3n.\u00a0<br><br><strong>COSTE<\/strong><br><br>\u00a0El coste del curso es de 100 \u20ac. Pero hay disponibles 20 Becas por el 50%, con lo que el\u00a0<strong>precio final es de 50 \u20ac<\/strong><\/td><\/tr><\/tbody><\/table><\/figure>\n\n\n\n<figure class=\"wp-block-table\"><table class=\"has-fixed-layout\"><tbody><tr><td><a href=\"https:\/\/dj0ij.r.ag.d.sendibm3.com\/mk\/cl\/f\/sh\/6rqJfgq8dINmODgmO00PXeRLP4J\/SWRBRSuBeJBT\" target=\"_blank\" rel=\"noreferrer noopener\">Quiero matricularme<\/a><\/td><\/tr><\/tbody><\/table><\/figure>\n\n\n\n<figure class=\"wp-block-gallery has-nested-images columns-default is-cropped wp-block-gallery-1 is-layout-flex wp-block-gallery-is-layout-flex\">\n<figure class=\"wp-block-image size-large\"><img fetchpriority=\"high\" decoding=\"async\" width=\"1024\" height=\"1024\" data-id=\"3902\" src=\"https:\/\/masquefarmacia.org\/wp-content\/uploads\/2025\/07\/CARTEL-2-CURSO-ATENCION-Y-BIENESTAR-EN-PERSONAS-MAYORES-1-1024x1024.jpg\" alt=\"\" class=\"wp-image-3902\" srcset=\"https:\/\/masquefarmacia.org\/wp-content\/uploads\/2025\/07\/CARTEL-2-CURSO-ATENCION-Y-BIENESTAR-EN-PERSONAS-MAYORES-1-1024x1024.jpg 1024w, https:\/\/masquefarmacia.org\/wp-content\/uploads\/2025\/07\/CARTEL-2-CURSO-ATENCION-Y-BIENESTAR-EN-PERSONAS-MAYORES-1-300x300.jpg 300w, https:\/\/masquefarmacia.org\/wp-content\/uploads\/2025\/07\/CARTEL-2-CURSO-ATENCION-Y-BIENESTAR-EN-PERSONAS-MAYORES-1-150x150.jpg 150w, https:\/\/masquefarmacia.org\/wp-content\/uploads\/2025\/07\/CARTEL-2-CURSO-ATENCION-Y-BIENESTAR-EN-PERSONAS-MAYORES-1-768x768.jpg 768w, https:\/\/masquefarmacia.org\/wp-content\/uploads\/2025\/07\/CARTEL-2-CURSO-ATENCION-Y-BIENESTAR-EN-PERSONAS-MAYORES-1-600x600.jpg 600w, https:\/\/masquefarmacia.org\/wp-content\/uploads\/2025\/07\/CARTEL-2-CURSO-ATENCION-Y-BIENESTAR-EN-PERSONAS-MAYORES-1-100x100.jpg 100w, https:\/\/masquefarmacia.org\/wp-content\/uploads\/2025\/07\/CARTEL-2-CURSO-ATENCION-Y-BIENESTAR-EN-PERSONAS-MAYORES-1.jpg 1080w\" sizes=\"(max-width: 1024px) 100vw, 1024px\" \/><\/figure>\n\n\n\n<figure class=\"wp-block-image size-large\"><img decoding=\"async\" width=\"1024\" height=\"1024\" data-id=\"3903\" src=\"https:\/\/masquefarmacia.org\/wp-content\/uploads\/2025\/07\/CARTEL-2-CURSO-ATENCION-Y-BIENESTAR-EN-PERSONAS-MAYORES-2-1024x1024.jpg\" alt=\"\" class=\"wp-image-3903\" srcset=\"https:\/\/masquefarmacia.org\/wp-content\/uploads\/2025\/07\/CARTEL-2-CURSO-ATENCION-Y-BIENESTAR-EN-PERSONAS-MAYORES-2-1024x1024.jpg 1024w, https:\/\/masquefarmacia.org\/wp-content\/uploads\/2025\/07\/CARTEL-2-CURSO-ATENCION-Y-BIENESTAR-EN-PERSONAS-MAYORES-2-300x300.jpg 300w, https:\/\/masquefarmacia.org\/wp-content\/uploads\/2025\/07\/CARTEL-2-CURSO-ATENCION-Y-BIENESTAR-EN-PERSONAS-MAYORES-2-150x150.jpg 150w, https:\/\/masquefarmacia.org\/wp-content\/uploads\/2025\/07\/CARTEL-2-CURSO-ATENCION-Y-BIENESTAR-EN-PERSONAS-MAYORES-2-768x768.jpg 768w, https:\/\/masquefarmacia.org\/wp-content\/uploads\/2025\/07\/CARTEL-2-CURSO-ATENCION-Y-BIENESTAR-EN-PERSONAS-MAYORES-2-600x600.jpg 600w, https:\/\/masquefarmacia.org\/wp-content\/uploads\/2025\/07\/CARTEL-2-CURSO-ATENCION-Y-BIENESTAR-EN-PERSONAS-MAYORES-2-100x100.jpg 100w, https:\/\/masquefarmacia.org\/wp-content\/uploads\/2025\/07\/CARTEL-2-CURSO-ATENCION-Y-BIENESTAR-EN-PERSONAS-MAYORES-2.jpg 1080w\" sizes=\"(max-width: 1024px) 100vw, 1024px\" \/><\/figure>\n<\/figure>\n","protected":false},"excerpt":{"rendered":"<p>Tras el \u00e9xito de la primera edici\u00f3n, M\u00e1s que Farmacia lanza de nuevo el curso\u00a0Atenci\u00f3n y Bienestar en Personas Mayores,\u00a0acci\u00f3n formativa que se incluye dentro del programa\u00a0Salud y Bienestar: Mayores en situaci\u00f3n de Vulnerabilidad y en Soledad\u00a0que tiene la entidad para formar a profesionales de la salud y cuidadores en las habilidades necesarias para el [&hellip;]<\/p>\n","protected":false},"author":2,"featured_media":3902,"comment_status":"open","ping_status":"open","sticky":false,"template":"","format":"standard","meta":{"_monsterinsights_skip_tracking":false,"_monsterinsights_sitenote_active":false,"_monsterinsights_sitenote_note":"","_monsterinsights_sitenote_category":0,"_jetpack_memberships_contains_paid_content":false,"footnotes":""},"categories":[25],"tags":[],"class_list":["post-3901","post","type-post","status-publish","format-standard","has-post-thumbnail","hentry","category-formacion"],"aioseo_notices":[],"jetpack_featured_media_url":"https:\/\/masquefarmacia.org\/wp-content\/uploads\/2025\/07\/CARTEL-2-CURSO-ATENCION-Y-BIENESTAR-EN-PERSONAS-MAYORES-1.jpg","jetpack_sharing_enabled":true,"_links":{"self":[{"href":"https:\/\/masquefarmacia.org\/index.php\/wp-json\/wp\/v2\/posts\/3901","targetHints":{"allow":["GET"]}}],"collection":[{"href":"https:\/\/masquefarmacia.org\/index.php\/wp-json\/wp\/v2\/posts"}],"about":[{"href":"https:\/\/masquefarmacia.org\/index.php\/wp-json\/wp\/v2\/types\/post"}],"author":[{"embeddable":true,"href":"https:\/\/masquefarmacia.org\/index.php\/wp-json\/wp\/v2\/users\/2"}],"replies":[{"embeddable":true,"href":"https:\/\/masquefarmacia.org\/index.php\/wp-json\/wp\/v2\/comments?post=3901"}],"version-history":[{"count":1,"href":"https:\/\/masquefarmacia.org\/index.php\/wp-json\/wp\/v2\/posts\/3901\/revisions"}],"predecessor-version":[{"id":3904,"href":"https:\/\/masquefarmacia.org\/index.php\/wp-json\/wp\/v2\/posts\/3901\/revisions\/3904"}],"wp:featuredmedia":[{"embeddable":true,"href":"https:\/\/masquefarmacia.org\/index.php\/wp-json\/wp\/v2\/media\/3902"}],"wp:attachment":[{"href":"https:\/\/masquefarmacia.org\/index.php\/wp-json\/wp\/v2\/media?parent=3901"}],"wp:term":[{"taxonomy":"category","embeddable":true,"href":"https:\/\/masquefarmacia.org\/index.php\/wp-json\/wp\/v2\/categories?post=3901"},{"taxonomy":"post_tag","embeddable":true,"href":"https:\/\/masquefarmacia.org\/index.php\/wp-json\/wp\/v2\/tags?post=3901"}],"curies":[{"name":"wp","href":"https:\/\/api.w.org\/{rel}","templated":true}]}}