{"id":3905,"date":"2025-07-29T09:19:01","date_gmt":"2025-07-29T09:19:01","guid":{"rendered":"https:\/\/masquefarmacia.org\/?p=3905"},"modified":"2025-07-29T09:19:03","modified_gmt":"2025-07-29T09:19:03","slug":"memoria-bianual-del-programa-salud-y-bienestar-inmigrantes-junio-2023-2025","status":"publish","type":"post","link":"https:\/\/masquefarmacia.org\/index.php\/2025\/07\/29\/memoria-bianual-del-programa-salud-y-bienestar-inmigrantes-junio-2023-2025\/","title":{"rendered":"Memoria Bianual del Programa Salud y Bienestar-Inmigrantes \u2013 Junio 2023\/2025"},"content":{"rendered":"\n<p><strong>M\u00e1s Que Farmacia ORG refuerza su compromiso con la salud de las personas migrantes, y hace balance del trabajo realizado en estos \u00faltimos dos a\u00f1os<\/strong><\/p>\n\n\n\n<p>Nos complace compartir con vosotros los resultados de nuestro&nbsp;<strong>Programa de Salud y Bienestar a Inmigrantes 2023-25<\/strong>, desarrollado con entidades sociales y profesionales sanitarios..&nbsp;<\/p>\n\n\n\n<p>Gracias a vuestro apoyo, hemos impartido&nbsp;<strong>24 talleres<\/strong>&nbsp;a&nbsp;<strong>684 personas inmigrantes<\/strong>, con una valoraci\u00f3n media de&nbsp;<strong>3,8 sobre 4<\/strong>&nbsp;en contenidos, utilidad y profesorado. El&nbsp;<strong>95% de los participantes desean repetir la experiencia.<\/strong><\/p>\n\n\n\n<p>El programa ha abordado temas de salud f\u00edsica y mental, prevenci\u00f3n de enfermedades, primeros auxilios, uso del sistema sanitario y h\u00e1bitos saludables, fomentando la&nbsp;<strong>autonom\u00eda, inclusi\u00f3n y el autocuidado de este colectivo,&nbsp;<\/strong>uno de los m\u00e1s vulnerables de nuestra sociedad.<\/p>\n\n\n\n<p>Adem\u00e1s, hemos creado&nbsp;<strong>30 infograf\u00edas, 10 v\u00eddeos y 8 presentaciones<\/strong>&nbsp;como materiales did\u00e1cticos, disponibles todos en nuestros canales digitales.<\/p>\n\n\n\n<p>Seguimos trabajando para construir una salud m\u00e1s accesible, participativa e inclusiva.&nbsp;<\/p>\n\n\n\n<p>Gracias por hacerlo posible.<\/p>\n\n\n\n<p><strong>Seguimos caminando para construir salud, dignidad y comunidad all\u00ed donde m\u00e1s se necesita.<\/strong><\/p>\n\n\n\n<div data-wp-interactive=\"core\/file\" class=\"wp-block-file\"><object data-wp-bind--hidden=\"!state.hasPdfPreview\" hidden class=\"wp-block-file__embed\" data=\"https:\/\/masquefarmacia.org\/wp-content\/uploads\/2025\/07\/Memoria-Bianual-Programa-Salud-y-Bienestar-a-Inmigrantes-2023-25.pdf\" type=\"application\/pdf\" style=\"width:100%;height:600px\" aria-label=\"Incrustado de Memoria Bianual Programa Salud y Bienestar a Inmigrantes 2023-25.\"><\/object><a id=\"wp-block-file--media-a4f33ed1-dc07-40f3-a969-7952ad1beffd\" href=\"https:\/\/masquefarmacia.org\/wp-content\/uploads\/2025\/07\/Memoria-Bianual-Programa-Salud-y-Bienestar-a-Inmigrantes-2023-25.pdf\">Memoria Bianual Programa Salud y Bienestar a Inmigrantes 2023-25<\/a><a href=\"https:\/\/masquefarmacia.org\/wp-content\/uploads\/2025\/07\/Memoria-Bianual-Programa-Salud-y-Bienestar-a-Inmigrantes-2023-25.pdf\" class=\"wp-block-file__button wp-element-button\" download aria-describedby=\"wp-block-file--media-a4f33ed1-dc07-40f3-a969-7952ad1beffd\">Descarga<\/a><\/div>\n","protected":false},"excerpt":{"rendered":"<p>M\u00e1s Que Farmacia ORG refuerza su compromiso con la salud de las personas migrantes, y hace balance del trabajo realizado en estos \u00faltimos dos a\u00f1os Nos complace compartir con vosotros los resultados de nuestro&nbsp;Programa de Salud y Bienestar a Inmigrantes 2023-25, desarrollado con entidades sociales y profesionales sanitarios..&nbsp; Gracias a vuestro apoyo, hemos impartido&nbsp;24 talleres&nbsp;a&nbsp;684 [&hellip;]<\/p>\n","protected":false},"author":2,"featured_media":3907,"comment_status":"open","ping_status":"open","sticky":false,"template":"","format":"standard","meta":{"_monsterinsights_skip_tracking":false,"_monsterinsights_sitenote_active":false,"_monsterinsights_sitenote_note":"","_monsterinsights_sitenote_category":0,"_jetpack_memberships_contains_paid_content":false,"footnotes":""},"categories":[20],"tags":[],"class_list":["post-3905","post","type-post","status-publish","format-standard","has-post-thumbnail","hentry","category-accion-social"],"aioseo_notices":[],"jetpack_featured_media_url":"https:\/\/masquefarmacia.org\/wp-content\/uploads\/2025\/07\/Portada-Memoria-Bianual-Programa-Salud-y-Bienestar-a-Inmigrantes-2023-25.jpg","jetpack_sharing_enabled":true,"_links":{"self":[{"href":"https:\/\/masquefarmacia.org\/index.php\/wp-json\/wp\/v2\/posts\/3905","targetHints":{"allow":["GET"]}}],"collection":[{"href":"https:\/\/masquefarmacia.org\/index.php\/wp-json\/wp\/v2\/posts"}],"about":[{"href":"https:\/\/masquefarmacia.org\/index.php\/wp-json\/wp\/v2\/types\/post"}],"author":[{"embeddable":true,"href":"https:\/\/masquefarmacia.org\/index.php\/wp-json\/wp\/v2\/users\/2"}],"replies":[{"embeddable":true,"href":"https:\/\/masquefarmacia.org\/index.php\/wp-json\/wp\/v2\/comments?post=3905"}],"version-history":[{"count":1,"href":"https:\/\/masquefarmacia.org\/index.php\/wp-json\/wp\/v2\/posts\/3905\/revisions"}],"predecessor-version":[{"id":3908,"href":"https:\/\/masquefarmacia.org\/index.php\/wp-json\/wp\/v2\/posts\/3905\/revisions\/3908"}],"wp:featuredmedia":[{"embeddable":true,"href":"https:\/\/masquefarmacia.org\/index.php\/wp-json\/wp\/v2\/media\/3907"}],"wp:attachment":[{"href":"https:\/\/masquefarmacia.org\/index.php\/wp-json\/wp\/v2\/media?parent=3905"}],"wp:term":[{"taxonomy":"category","embeddable":true,"href":"https:\/\/masquefarmacia.org\/index.php\/wp-json\/wp\/v2\/categories?post=3905"},{"taxonomy":"post_tag","embeddable":true,"href":"https:\/\/masquefarmacia.org\/index.php\/wp-json\/wp\/v2\/tags?post=3905"}],"curies":[{"name":"wp","href":"https:\/\/api.w.org\/{rel}","templated":true}]}}