{"id":3982,"date":"2025-09-29T16:17:05","date_gmt":"2025-09-29T16:17:05","guid":{"rendered":"https:\/\/masquefarmacia.org\/?p=3982"},"modified":"2025-09-29T16:17:07","modified_gmt":"2025-09-29T16:17:07","slug":"taller-de-promocion-y-prevencion-de-la-salud-en-personas-mayores-vulnerables-en-la-fundacion-prodean","status":"publish","type":"post","link":"https:\/\/masquefarmacia.org\/index.php\/2025\/09\/29\/taller-de-promocion-y-prevencion-de-la-salud-en-personas-mayores-vulnerables-en-la-fundacion-prodean\/","title":{"rendered":"Taller de promoci\u00f3n y prevenci\u00f3n de la salud en personas mayores vulnerables en la Fundaci\u00f3n Prodean"},"content":{"rendered":"\n<p>Hemos empezados los Talleres de promoci\u00f3n y prevenci\u00f3n de salud en personas mayores vulnerables con la Fundaci\u00f3n Prodean, para mejorar la calidad de vida de la personas mayores vulnerables.<\/p>\n\n\n\n<p>El envejecimiento es una etapa natural de la vida que puede afrontarse de manera positiva y activa. Sin embargo, en el caso de las personas mayores en situaci\u00f3n de vulnerabilidad social, los retos para mantener la salud y la autonom\u00eda son a\u00fan mayores. Conscientes de esta realidad, hemos dise\u00f1ado un <strong>taller especializado en prevenci\u00f3n y promoci\u00f3n de la salud<\/strong>, orientado a ofrecer apoyo, informaci\u00f3n y herramientas pr\u00e1cticas que mejoren la calidad de vida de quienes m\u00e1s lo necesitan.<\/p>\n\n\n\n<p>Uno de los pilares fundamentales de este taller es el <strong>control del uso racional del medicamento<\/strong>. Muchas personas mayores consumen varios f\u00e1rmacos a la vez (polimedicaci\u00f3n), lo que aumenta el riesgo de errores en la administraci\u00f3n, interacciones, duplicidades y efectos secundarios. Nuestro objetivo es fomentar la educaci\u00f3n sanitaria para que los participantes comprendan la importancia de seguir las indicaciones m\u00e9dicas, respetar las dosis y horarios prescritos, as\u00ed como reconocer los riesgos del automedicarse. A trav\u00e9s de actividades pr\u00e1cticas y din\u00e1micas, ense\u00f1amos a organizar correctamente la medicaci\u00f3n, a leer etiquetas y prospectos, y a consultar siempre con profesionales de la salud antes de introducir cambios en el tratamiento.<\/p>\n\n\n\n<p>Adem\u00e1s, abordamos la <strong>promoci\u00f3n de h\u00e1bitos de vida saludables<\/strong> como un elemento clave en la prevenci\u00f3n de enfermedades y el fortalecimiento del bienestar f\u00edsico, mental y emocional. Hablamos de la importancia de una alimentaci\u00f3n equilibrada y adaptada a la edad, del valor de mantenerse activos mediante ejercicios de gerontogimnasia o paseos diarios, y de la necesidad de establecer rutinas de descanso que favorezcan un sue\u00f1o reparador. Tambi\u00e9n destacamos la relevancia de mantener la mente activa con actividades de estimulaci\u00f3n cognitiva, la socializaci\u00f3n como ant\u00eddoto frente a la soledad, y la gesti\u00f3n de las emociones para reducir el estr\u00e9s y la ansiedad.<\/p>\n\n\n\n<p>El taller no solo se centra en transmitir conocimientos, sino en <strong>empoderar a las personas mayores<\/strong> para que se conviertan en protagonistas de su propia salud. Queremos que cada participante aprenda a tomar decisiones informadas, desarrolle autonom\u00eda y, sobre todo, recupere la confianza en sus capacidades. Sabemos que la prevenci\u00f3n es la mejor inversi\u00f3n en salud, y que peque\u00f1as acciones cotidianas pueden marcar una gran diferencia en la calidad de vida.<\/p>\n\n\n\n<p>Asimismo, reconocemos que muchas personas mayores en situaci\u00f3n de vulnerabilidad encuentran barreras para acceder a la atenci\u00f3n sanitaria o carecen de apoyo familiar. Por eso, nuestro taller ofrece un espacio seguro, cercano y participativo, donde se construye una red de apoyo comunitario y se fomentan valores de solidaridad e inclusi\u00f3n.<\/p>\n\n\n\n<p>En definitiva, este taller representa una oportunidad para <strong>aprender, compartir y crecer en salud<\/strong>. Creemos firmemente que promover un uso responsable de los medicamentos y adoptar h\u00e1bitos de vida saludables no solo previene enfermedades, sino que tambi\u00e9n fortalece la autonom\u00eda, la autoestima y la dignidad de las personas mayores.<\/p>\n\n\n\n<p>La Fundaci\u00f3n&nbsp;PRODEAN&nbsp;nace en Sevilla en 1990 con objeto de situar la dignidad de la persona en el punto de partida, en el centro y en el fin de toda acci\u00f3n social.<\/p>\n\n\n\n<p>Centrada, como recoge su\u00a0carta de identidad, en la construcci\u00f3n de una cultura solidaria al servicio de la persona,\u00a0PRODEAN\u00a0se propone en todas sus acciones mejorar el desarrollo integral de cada individuo; sensibilizar a la ciudadan\u00eda en inquietudes sociales; promocionar el voluntariado; y convocar al mayor n\u00famero de personas en torno a proyectos de car\u00e1cter asistencial.<\/p>\n\n\n\n<p>La Fundaci\u00f3n Prodean lleva m\u00e1s de 20 a\u00f1os trabajando en la zona de Los Pajaritos, en el que disponen de un CENTRO SOCIAL.<\/p>\n\n\n\n<p>Con este Centro Social queremos ofrecer una atenci\u00f3n y asesoramiento personalizado a cada uno de nuestros beneficiarios y sus familias,&nbsp;<strong>con el fin de mejorar sus condiciones de vida culturales, sociales y humanas.&nbsp;<\/strong>Ser&nbsp;un&nbsp;<strong>espacio de encuentro<\/strong>&nbsp;para mayores y peque\u00f1os, familias y personas inmigrantes con pocos recursos.<\/p>\n\n\n\n<figure class=\"wp-block-gallery has-nested-images columns-default is-cropped wp-block-gallery-1 is-layout-flex wp-block-gallery-is-layout-flex\">\n<figure class=\"wp-block-image size-large\"><img fetchpriority=\"high\" decoding=\"async\" width=\"1024\" height=\"768\" data-id=\"3983\" src=\"https:\/\/masquefarmacia.org\/wp-content\/uploads\/2025\/09\/FUNDACION-PRODEAN-2025-09-23-3-1024x768.jpg\" alt=\"\" class=\"wp-image-3983\" srcset=\"https:\/\/masquefarmacia.org\/wp-content\/uploads\/2025\/09\/FUNDACION-PRODEAN-2025-09-23-3-1024x768.jpg 1024w, https:\/\/masquefarmacia.org\/wp-content\/uploads\/2025\/09\/FUNDACION-PRODEAN-2025-09-23-3-300x225.jpg 300w, https:\/\/masquefarmacia.org\/wp-content\/uploads\/2025\/09\/FUNDACION-PRODEAN-2025-09-23-3-768x576.jpg 768w, https:\/\/masquefarmacia.org\/wp-content\/uploads\/2025\/09\/FUNDACION-PRODEAN-2025-09-23-3-1536x1152.jpg 1536w, https:\/\/masquefarmacia.org\/wp-content\/uploads\/2025\/09\/FUNDACION-PRODEAN-2025-09-23-3-600x450.jpg 600w, https:\/\/masquefarmacia.org\/wp-content\/uploads\/2025\/09\/FUNDACION-PRODEAN-2025-09-23-3.jpg 1600w\" sizes=\"(max-width: 1024px) 100vw, 1024px\" \/><\/figure>\n\n\n\n<figure class=\"wp-block-image size-large\"><img decoding=\"async\" width=\"1024\" height=\"768\" data-id=\"3985\" src=\"https:\/\/masquefarmacia.org\/wp-content\/uploads\/2025\/09\/FUNDACION-PRODEAN-2025-09-23-1-1024x768.jpg\" alt=\"\" class=\"wp-image-3985\" srcset=\"https:\/\/masquefarmacia.org\/wp-content\/uploads\/2025\/09\/FUNDACION-PRODEAN-2025-09-23-1-1024x768.jpg 1024w, https:\/\/masquefarmacia.org\/wp-content\/uploads\/2025\/09\/FUNDACION-PRODEAN-2025-09-23-1-300x225.jpg 300w, https:\/\/masquefarmacia.org\/wp-content\/uploads\/2025\/09\/FUNDACION-PRODEAN-2025-09-23-1-768x576.jpg 768w, https:\/\/masquefarmacia.org\/wp-content\/uploads\/2025\/09\/FUNDACION-PRODEAN-2025-09-23-1-1536x1152.jpg 1536w, https:\/\/masquefarmacia.org\/wp-content\/uploads\/2025\/09\/FUNDACION-PRODEAN-2025-09-23-1-2048x1536.jpg 2048w, https:\/\/masquefarmacia.org\/wp-content\/uploads\/2025\/09\/FUNDACION-PRODEAN-2025-09-23-1-600x450.jpg 600w\" sizes=\"(max-width: 1024px) 100vw, 1024px\" \/><\/figure>\n\n\n\n<figure class=\"wp-block-image size-large\"><img decoding=\"async\" width=\"1024\" height=\"768\" data-id=\"3984\" src=\"https:\/\/masquefarmacia.org\/wp-content\/uploads\/2025\/09\/FUNDACION-PRODEAN-2025-09-23-2-1024x768.jpg\" alt=\"\" class=\"wp-image-3984\" srcset=\"https:\/\/masquefarmacia.org\/wp-content\/uploads\/2025\/09\/FUNDACION-PRODEAN-2025-09-23-2-1024x768.jpg 1024w, https:\/\/masquefarmacia.org\/wp-content\/uploads\/2025\/09\/FUNDACION-PRODEAN-2025-09-23-2-300x225.jpg 300w, https:\/\/masquefarmacia.org\/wp-content\/uploads\/2025\/09\/FUNDACION-PRODEAN-2025-09-23-2-768x576.jpg 768w, https:\/\/masquefarmacia.org\/wp-content\/uploads\/2025\/09\/FUNDACION-PRODEAN-2025-09-23-2-1536x1152.jpg 1536w, https:\/\/masquefarmacia.org\/wp-content\/uploads\/2025\/09\/FUNDACION-PRODEAN-2025-09-23-2-600x450.jpg 600w, https:\/\/masquefarmacia.org\/wp-content\/uploads\/2025\/09\/FUNDACION-PRODEAN-2025-09-23-2.jpg 1600w\" sizes=\"(max-width: 1024px) 100vw, 1024px\" \/><\/figure>\n<\/figure>\n","protected":false},"excerpt":{"rendered":"<p>Hemos empezados los Talleres de promoci\u00f3n y prevenci\u00f3n de salud en personas mayores vulnerables con la Fundaci\u00f3n Prodean, para mejorar la calidad de vida de la personas mayores vulnerables. El envejecimiento es una etapa natural de la vida que puede afrontarse de manera positiva y activa. Sin embargo, en el caso de las personas mayores [&hellip;]<\/p>\n","protected":false},"author":2,"featured_media":3984,"comment_status":"open","ping_status":"open","sticky":false,"template":"","format":"standard","meta":{"_monsterinsights_skip_tracking":false,"_monsterinsights_sitenote_active":false,"_monsterinsights_sitenote_note":"","_monsterinsights_sitenote_category":0,"_jetpack_memberships_contains_paid_content":false,"footnotes":""},"categories":[20],"tags":[],"class_list":["post-3982","post","type-post","status-publish","format-standard","has-post-thumbnail","hentry","category-accion-social"],"aioseo_notices":[],"jetpack_featured_media_url":"https:\/\/masquefarmacia.org\/wp-content\/uploads\/2025\/09\/FUNDACION-PRODEAN-2025-09-23-2.jpg","jetpack_sharing_enabled":true,"_links":{"self":[{"href":"https:\/\/masquefarmacia.org\/index.php\/wp-json\/wp\/v2\/posts\/3982","targetHints":{"allow":["GET"]}}],"collection":[{"href":"https:\/\/masquefarmacia.org\/index.php\/wp-json\/wp\/v2\/posts"}],"about":[{"href":"https:\/\/masquefarmacia.org\/index.php\/wp-json\/wp\/v2\/types\/post"}],"author":[{"embeddable":true,"href":"https:\/\/masquefarmacia.org\/index.php\/wp-json\/wp\/v2\/users\/2"}],"replies":[{"embeddable":true,"href":"https:\/\/masquefarmacia.org\/index.php\/wp-json\/wp\/v2\/comments?post=3982"}],"version-history":[{"count":1,"href":"https:\/\/masquefarmacia.org\/index.php\/wp-json\/wp\/v2\/posts\/3982\/revisions"}],"predecessor-version":[{"id":3986,"href":"https:\/\/masquefarmacia.org\/index.php\/wp-json\/wp\/v2\/posts\/3982\/revisions\/3986"}],"wp:featuredmedia":[{"embeddable":true,"href":"https:\/\/masquefarmacia.org\/index.php\/wp-json\/wp\/v2\/media\/3984"}],"wp:attachment":[{"href":"https:\/\/masquefarmacia.org\/index.php\/wp-json\/wp\/v2\/media?parent=3982"}],"wp:term":[{"taxonomy":"category","embeddable":true,"href":"https:\/\/masquefarmacia.org\/index.php\/wp-json\/wp\/v2\/categories?post=3982"},{"taxonomy":"post_tag","embeddable":true,"href":"https:\/\/masquefarmacia.org\/index.php\/wp-json\/wp\/v2\/tags?post=3982"}],"curies":[{"name":"wp","href":"https:\/\/api.w.org\/{rel}","templated":true}]}}