{"id":3987,"date":"2025-10-02T11:37:08","date_gmt":"2025-10-02T11:37:08","guid":{"rendered":"https:\/\/masquefarmacia.org\/?p=3987"},"modified":"2025-10-02T12:29:47","modified_gmt":"2025-10-02T12:29:47","slug":"consejos-controles-de-salud-y-seguimiento-de-la-medicacion-en-personas-sinhogarismo","status":"publish","type":"post","link":"https:\/\/masquefarmacia.org\/index.php\/2025\/10\/02\/consejos-controles-de-salud-y-seguimiento-de-la-medicacion-en-personas-sinhogarismo\/","title":{"rendered":"Consejos, controles de salud y seguimiento de la medicaci\u00f3n en personas sinhogarismo"},"content":{"rendered":"\n<p>Dentro de nuestras actividades diarias con las personas vulnerables est\u00e1 mejorar la salud de todos ellos, en este caso nos enfocamos a las personas sinhogarismo.<\/p>\n\n\n\n<p>La salud p\u00fablica tiene entre sus objetivos principales reducir las desigualdades sanitarias y garantizar la atenci\u00f3n a los colectivos m\u00e1s vulnerables. Entre ellos, las personas en situaci\u00f3n de sinhogarismo representan uno de los grupos con mayor riesgo de enfermedad y menor acceso a los servicios sanitarios. La vida en la calle, la ausencia de un hogar estable, la dificultad para mantener h\u00e1bitos saludables y la escasa adherencia a los tratamientos m\u00e9dicos generan un c\u00edrculo de vulnerabilidad que repercute no solo en la salud individual, sino tambi\u00e9n en la salud comunitaria.<\/p>\n\n\n\n<p>En este contexto, los <strong>consejos sanitarios, los controles peri\u00f3dicos de salud y el seguimiento de medicamentos<\/strong> se presentan como estrategias clave para mejorar la calidad de vida de estas personas y reducir la carga sanitaria y social asociada.<\/p>\n\n\n\n<p>En primer lugar, la <strong>educaci\u00f3n en salud y el consejo sanitario<\/strong> aportan herramientas pr\u00e1cticas para que las personas sin hogar puedan identificar s\u00edntomas de alarma, prevenir complicaciones y adoptar h\u00e1bitos de autocuidado en la medida de sus posibilidades. Aunque los determinantes sociales limitan en gran medida la capacidad de elecci\u00f3n, la orientaci\u00f3n en aspectos como la higiene b\u00e1sica, la alimentaci\u00f3n, la prevenci\u00f3n de infecciones o el consumo responsable de alcohol y otras sustancias puede marcar una diferencia real. Estos consejos, adem\u00e1s, empoderan a las personas y refuerzan la relaci\u00f3n de confianza con los profesionales sanitarios y sociales.<\/p>\n\n\n\n<p>Por otro lado, los <strong>controles peri\u00f3dicos de salud<\/strong> permiten la detecci\u00f3n temprana de enfermedades prevalentes y silenciosas, como la hipertensi\u00f3n, la diabetes o las infecciones respiratorias. En personas que rara vez acuden a los servicios m\u00e9dicos, estas revisiones m\u00f3viles o en centros comunitarios resultan esenciales para prevenir descompensaciones graves que derivan en hospitalizaciones costosas y evitables. Asimismo, posibilitan el seguimiento de la salud mental, un aspecto crucial dado que la depresi\u00f3n, la ansiedad y los trastornos psic\u00f3ticos son muy frecuentes en esta poblaci\u00f3n, muchas veces asociados a traumas previos y a la vida en la calle.<\/p>\n\n\n\n<p>El <strong>manejo de medicamentos<\/strong> constituye otro pilar fundamental. Las personas sin hogar presentan grandes dificultades para mantener la adherencia a los tratamientos, ya sea por la falta de un espacio seguro donde guardar la medicaci\u00f3n, por la inestabilidad de sus rutinas o por la ausencia de acompa\u00f1amiento. Programas de apoyo que incluyen la dispensaci\u00f3n supervisada, la simplificaci\u00f3n de pautas y la coordinaci\u00f3n con equipos de calle favorecen un uso m\u00e1s racional y seguro de los f\u00e1rmacos. Esto no solo mejora el control de enfermedades cr\u00f3nicas como la hipertensi\u00f3n, la infecci\u00f3n por VIH o la tuberculosis, sino que tambi\u00e9n reduce los riesgos asociados a la automedicaci\u00f3n y al uso inadecuado de psicof\u00e1rmacos.<\/p>\n\n\n\n<p>Finalmente, invertir en estos programas tiene un <strong>impacto positivo en la salud p\u00fablica y en la sociedad en su conjunto<\/strong>. Mejorar la atenci\u00f3n sanitaria de las personas en situaci\u00f3n de sinhogarismo disminuye las urgencias hospitalarias, previene la propagaci\u00f3n de enfermedades transmisibles y contribuye a una mayor cohesi\u00f3n social. Se trata de una medida costo-efectiva que combina eficiencia sanitaria con justicia social.<\/p>\n\n\n\n<p>En conclusi\u00f3n, ofrecer consejos de salud, controles peri\u00f3dicos y un seguimiento adecuado de la medicaci\u00f3n a las personas sin hogar no es \u00fanicamente un acto de asistencia, sino una estrategia integral de salud p\u00fablica. Implica reconocer la dignidad de quienes m\u00e1s lo necesitan, reducir desigualdades y fortalecer una sociedad m\u00e1s justa, saludable y solidaria.<\/p>\n\n\n\n<figure class=\"wp-block-gallery has-nested-images columns-default is-cropped wp-block-gallery-1 is-layout-flex wp-block-gallery-is-layout-flex\">\n<figure class=\"wp-block-image size-large\"><img fetchpriority=\"high\" decoding=\"async\" width=\"768\" height=\"1024\" data-id=\"3990\" src=\"https:\/\/masquefarmacia.org\/wp-content\/uploads\/2025\/10\/LA-PLAZA-2024-10-18-1-768x1024.jpg\" alt=\"\" class=\"wp-image-3990\" srcset=\"https:\/\/masquefarmacia.org\/wp-content\/uploads\/2025\/10\/LA-PLAZA-2024-10-18-1-768x1024.jpg 768w, https:\/\/masquefarmacia.org\/wp-content\/uploads\/2025\/10\/LA-PLAZA-2024-10-18-1-225x300.jpg 225w, https:\/\/masquefarmacia.org\/wp-content\/uploads\/2025\/10\/LA-PLAZA-2024-10-18-1-1152x1536.jpg 1152w, https:\/\/masquefarmacia.org\/wp-content\/uploads\/2025\/10\/LA-PLAZA-2024-10-18-1-1536x2048.jpg 1536w, https:\/\/masquefarmacia.org\/wp-content\/uploads\/2025\/10\/LA-PLAZA-2024-10-18-1-600x800.jpg 600w, https:\/\/masquefarmacia.org\/wp-content\/uploads\/2025\/10\/LA-PLAZA-2024-10-18-1-scaled.jpg 1920w\" sizes=\"(max-width: 768px) 100vw, 768px\" \/><\/figure>\n\n\n\n<figure class=\"wp-block-image size-large\"><img decoding=\"async\" width=\"819\" height=\"1024\" data-id=\"3988\" src=\"https:\/\/masquefarmacia.org\/wp-content\/uploads\/2025\/10\/LA-PLAZA-2025-01-10-10-819x1024.jpg\" alt=\"\" class=\"wp-image-3988\" srcset=\"https:\/\/masquefarmacia.org\/wp-content\/uploads\/2025\/10\/LA-PLAZA-2025-01-10-10-819x1024.jpg 819w, https:\/\/masquefarmacia.org\/wp-content\/uploads\/2025\/10\/LA-PLAZA-2025-01-10-10-240x300.jpg 240w, https:\/\/masquefarmacia.org\/wp-content\/uploads\/2025\/10\/LA-PLAZA-2025-01-10-10-768x960.jpg 768w, https:\/\/masquefarmacia.org\/wp-content\/uploads\/2025\/10\/LA-PLAZA-2025-01-10-10-1229x1536.jpg 1229w, https:\/\/masquefarmacia.org\/wp-content\/uploads\/2025\/10\/LA-PLAZA-2025-01-10-10-600x750.jpg 600w, https:\/\/masquefarmacia.org\/wp-content\/uploads\/2025\/10\/LA-PLAZA-2025-01-10-10.jpg 1440w\" sizes=\"(max-width: 819px) 100vw, 819px\" \/><\/figure>\n\n\n\n<figure class=\"wp-block-image size-large\"><img decoding=\"async\" width=\"768\" height=\"1024\" data-id=\"3989\" src=\"https:\/\/masquefarmacia.org\/wp-content\/uploads\/2025\/10\/LA-PLAZA-2025-01-31-22-768x1024.jpg\" alt=\"\" class=\"wp-image-3989\" srcset=\"https:\/\/masquefarmacia.org\/wp-content\/uploads\/2025\/10\/LA-PLAZA-2025-01-31-22-768x1024.jpg 768w, https:\/\/masquefarmacia.org\/wp-content\/uploads\/2025\/10\/LA-PLAZA-2025-01-31-22-225x300.jpg 225w, https:\/\/masquefarmacia.org\/wp-content\/uploads\/2025\/10\/LA-PLAZA-2025-01-31-22-1152x1536.jpg 1152w, https:\/\/masquefarmacia.org\/wp-content\/uploads\/2025\/10\/LA-PLAZA-2025-01-31-22-1536x2048.jpg 1536w, https:\/\/masquefarmacia.org\/wp-content\/uploads\/2025\/10\/LA-PLAZA-2025-01-31-22-600x800.jpg 600w, https:\/\/masquefarmacia.org\/wp-content\/uploads\/2025\/10\/LA-PLAZA-2025-01-31-22-scaled.jpg 1920w\" sizes=\"(max-width: 768px) 100vw, 768px\" \/><\/figure>\n\n\n\n<figure class=\"wp-block-image size-large\"><img loading=\"lazy\" decoding=\"async\" width=\"768\" height=\"1024\" data-id=\"3991\" src=\"https:\/\/masquefarmacia.org\/wp-content\/uploads\/2025\/10\/LA-PLAZA-2025-09-19-23-768x1024.jpg\" alt=\"\" class=\"wp-image-3991\" srcset=\"https:\/\/masquefarmacia.org\/wp-content\/uploads\/2025\/10\/LA-PLAZA-2025-09-19-23-768x1024.jpg 768w, https:\/\/masquefarmacia.org\/wp-content\/uploads\/2025\/10\/LA-PLAZA-2025-09-19-23-225x300.jpg 225w, https:\/\/masquefarmacia.org\/wp-content\/uploads\/2025\/10\/LA-PLAZA-2025-09-19-23-1152x1536.jpg 1152w, https:\/\/masquefarmacia.org\/wp-content\/uploads\/2025\/10\/LA-PLAZA-2025-09-19-23-1536x2048.jpg 1536w, https:\/\/masquefarmacia.org\/wp-content\/uploads\/2025\/10\/LA-PLAZA-2025-09-19-23-600x800.jpg 600w, https:\/\/masquefarmacia.org\/wp-content\/uploads\/2025\/10\/LA-PLAZA-2025-09-19-23-scaled.jpg 1920w\" sizes=\"(max-width: 768px) 100vw, 768px\" \/><\/figure>\n<\/figure>\n\n\n\n<figure class=\"wp-block-gallery has-nested-images columns-default is-cropped wp-block-gallery-2 is-layout-flex wp-block-gallery-is-layout-flex\">\n<figure class=\"wp-block-image size-large\"><img loading=\"lazy\" decoding=\"async\" width=\"768\" height=\"1024\" data-id=\"3996\" src=\"https:\/\/masquefarmacia.org\/wp-content\/uploads\/2025\/10\/ORDEN-DE-MALTA-2025-04-07-1-768x1024.jpg\" alt=\"\" class=\"wp-image-3996\" srcset=\"https:\/\/masquefarmacia.org\/wp-content\/uploads\/2025\/10\/ORDEN-DE-MALTA-2025-04-07-1-768x1024.jpg 768w, https:\/\/masquefarmacia.org\/wp-content\/uploads\/2025\/10\/ORDEN-DE-MALTA-2025-04-07-1-225x300.jpg 225w, https:\/\/masquefarmacia.org\/wp-content\/uploads\/2025\/10\/ORDEN-DE-MALTA-2025-04-07-1-1152x1536.jpg 1152w, https:\/\/masquefarmacia.org\/wp-content\/uploads\/2025\/10\/ORDEN-DE-MALTA-2025-04-07-1-1536x2048.jpg 1536w, https:\/\/masquefarmacia.org\/wp-content\/uploads\/2025\/10\/ORDEN-DE-MALTA-2025-04-07-1-600x800.jpg 600w, https:\/\/masquefarmacia.org\/wp-content\/uploads\/2025\/10\/ORDEN-DE-MALTA-2025-04-07-1-scaled.jpg 1920w\" sizes=\"(max-width: 768px) 100vw, 768px\" \/><\/figure>\n\n\n\n<figure class=\"wp-block-image size-large\"><img loading=\"lazy\" decoding=\"async\" width=\"768\" height=\"1024\" data-id=\"3993\" src=\"https:\/\/masquefarmacia.org\/wp-content\/uploads\/2025\/10\/ORDEN-DE-MALTA-TALLER-CORAZON-HIPERTENSION-8-768x1024.jpg\" alt=\"\" class=\"wp-image-3993\" srcset=\"https:\/\/masquefarmacia.org\/wp-content\/uploads\/2025\/10\/ORDEN-DE-MALTA-TALLER-CORAZON-HIPERTENSION-8-768x1024.jpg 768w, https:\/\/masquefarmacia.org\/wp-content\/uploads\/2025\/10\/ORDEN-DE-MALTA-TALLER-CORAZON-HIPERTENSION-8-225x300.jpg 225w, https:\/\/masquefarmacia.org\/wp-content\/uploads\/2025\/10\/ORDEN-DE-MALTA-TALLER-CORAZON-HIPERTENSION-8-1152x1536.jpg 1152w, https:\/\/masquefarmacia.org\/wp-content\/uploads\/2025\/10\/ORDEN-DE-MALTA-TALLER-CORAZON-HIPERTENSION-8-600x800.jpg 600w, https:\/\/masquefarmacia.org\/wp-content\/uploads\/2025\/10\/ORDEN-DE-MALTA-TALLER-CORAZON-HIPERTENSION-8-rotated.jpg 1512w\" sizes=\"(max-width: 768px) 100vw, 768px\" \/><\/figure>\n\n\n\n<figure class=\"wp-block-image size-large\"><img loading=\"lazy\" decoding=\"async\" width=\"768\" height=\"1024\" data-id=\"3992\" src=\"https:\/\/masquefarmacia.org\/wp-content\/uploads\/2025\/10\/ORDEN-DE-MALTA-TALLER-CORAZON-HIPERTENSION-15-768x1024.jpg\" alt=\"\" class=\"wp-image-3992\" srcset=\"https:\/\/masquefarmacia.org\/wp-content\/uploads\/2025\/10\/ORDEN-DE-MALTA-TALLER-CORAZON-HIPERTENSION-15-768x1024.jpg 768w, https:\/\/masquefarmacia.org\/wp-content\/uploads\/2025\/10\/ORDEN-DE-MALTA-TALLER-CORAZON-HIPERTENSION-15-225x300.jpg 225w, https:\/\/masquefarmacia.org\/wp-content\/uploads\/2025\/10\/ORDEN-DE-MALTA-TALLER-CORAZON-HIPERTENSION-15-1152x1536.jpg 1152w, https:\/\/masquefarmacia.org\/wp-content\/uploads\/2025\/10\/ORDEN-DE-MALTA-TALLER-CORAZON-HIPERTENSION-15-600x800.jpg 600w, https:\/\/masquefarmacia.org\/wp-content\/uploads\/2025\/10\/ORDEN-DE-MALTA-TALLER-CORAZON-HIPERTENSION-15-rotated.jpg 1512w\" sizes=\"(max-width: 768px) 100vw, 768px\" \/><\/figure>\n\n\n\n<figure class=\"wp-block-image size-large\"><img loading=\"lazy\" decoding=\"async\" width=\"768\" height=\"1024\" data-id=\"3997\" src=\"https:\/\/masquefarmacia.org\/wp-content\/uploads\/2025\/10\/ORDEN-DE-MALTA-2025-09-22-1-768x1024.jpg\" alt=\"\" class=\"wp-image-3997\" srcset=\"https:\/\/masquefarmacia.org\/wp-content\/uploads\/2025\/10\/ORDEN-DE-MALTA-2025-09-22-1-768x1024.jpg 768w, https:\/\/masquefarmacia.org\/wp-content\/uploads\/2025\/10\/ORDEN-DE-MALTA-2025-09-22-1-225x300.jpg 225w, https:\/\/masquefarmacia.org\/wp-content\/uploads\/2025\/10\/ORDEN-DE-MALTA-2025-09-22-1-1152x1536.jpg 1152w, https:\/\/masquefarmacia.org\/wp-content\/uploads\/2025\/10\/ORDEN-DE-MALTA-2025-09-22-1-1536x2048.jpg 1536w, https:\/\/masquefarmacia.org\/wp-content\/uploads\/2025\/10\/ORDEN-DE-MALTA-2025-09-22-1-600x800.jpg 600w, https:\/\/masquefarmacia.org\/wp-content\/uploads\/2025\/10\/ORDEN-DE-MALTA-2025-09-22-1-scaled.jpg 1920w\" sizes=\"(max-width: 768px) 100vw, 768px\" \/><\/figure>\n\n\n\n<figure class=\"wp-block-image size-large\"><img loading=\"lazy\" decoding=\"async\" width=\"768\" height=\"1024\" data-id=\"3994\" src=\"https:\/\/masquefarmacia.org\/wp-content\/uploads\/2025\/10\/ORDEN-DE-MALTA-2025-09-22-3-768x1024.jpg\" alt=\"\" class=\"wp-image-3994\" srcset=\"https:\/\/masquefarmacia.org\/wp-content\/uploads\/2025\/10\/ORDEN-DE-MALTA-2025-09-22-3-768x1024.jpg 768w, https:\/\/masquefarmacia.org\/wp-content\/uploads\/2025\/10\/ORDEN-DE-MALTA-2025-09-22-3-225x300.jpg 225w, https:\/\/masquefarmacia.org\/wp-content\/uploads\/2025\/10\/ORDEN-DE-MALTA-2025-09-22-3-1152x1536.jpg 1152w, https:\/\/masquefarmacia.org\/wp-content\/uploads\/2025\/10\/ORDEN-DE-MALTA-2025-09-22-3-1536x2048.jpg 1536w, https:\/\/masquefarmacia.org\/wp-content\/uploads\/2025\/10\/ORDEN-DE-MALTA-2025-09-22-3-600x800.jpg 600w, https:\/\/masquefarmacia.org\/wp-content\/uploads\/2025\/10\/ORDEN-DE-MALTA-2025-09-22-3-scaled.jpg 1920w\" sizes=\"(max-width: 768px) 100vw, 768px\" \/><\/figure>\n\n\n\n<figure class=\"wp-block-image size-large\"><img loading=\"lazy\" decoding=\"async\" width=\"768\" height=\"1024\" data-id=\"3995\" src=\"https:\/\/masquefarmacia.org\/wp-content\/uploads\/2025\/10\/ORDEN-DE-MALTA-2025-09-22-7-768x1024.jpg\" alt=\"\" class=\"wp-image-3995\" srcset=\"https:\/\/masquefarmacia.org\/wp-content\/uploads\/2025\/10\/ORDEN-DE-MALTA-2025-09-22-7-768x1024.jpg 768w, https:\/\/masquefarmacia.org\/wp-content\/uploads\/2025\/10\/ORDEN-DE-MALTA-2025-09-22-7-225x300.jpg 225w, https:\/\/masquefarmacia.org\/wp-content\/uploads\/2025\/10\/ORDEN-DE-MALTA-2025-09-22-7-1152x1536.jpg 1152w, https:\/\/masquefarmacia.org\/wp-content\/uploads\/2025\/10\/ORDEN-DE-MALTA-2025-09-22-7-1536x2048.jpg 1536w, https:\/\/masquefarmacia.org\/wp-content\/uploads\/2025\/10\/ORDEN-DE-MALTA-2025-09-22-7-600x800.jpg 600w, https:\/\/masquefarmacia.org\/wp-content\/uploads\/2025\/10\/ORDEN-DE-MALTA-2025-09-22-7-scaled.jpg 1920w\" sizes=\"(max-width: 768px) 100vw, 768px\" \/><\/figure>\n<\/figure>\n","protected":false},"excerpt":{"rendered":"<p>Dentro de nuestras actividades diarias con las personas vulnerables est\u00e1 mejorar la salud de todos ellos, en este caso nos enfocamos a las personas sinhogarismo. La salud p\u00fablica tiene entre sus objetivos principales reducir las desigualdades sanitarias y garantizar la atenci\u00f3n a los colectivos m\u00e1s vulnerables. Entre ellos, las personas en situaci\u00f3n de sinhogarismo representan [&hellip;]<\/p>\n","protected":false},"author":2,"featured_media":3991,"comment_status":"open","ping_status":"open","sticky":false,"template":"","format":"standard","meta":{"_monsterinsights_skip_tracking":false,"_monsterinsights_sitenote_active":false,"_monsterinsights_sitenote_note":"","_monsterinsights_sitenote_category":0,"_jetpack_memberships_contains_paid_content":false,"footnotes":""},"categories":[20],"tags":[],"class_list":["post-3987","post","type-post","status-publish","format-standard","has-post-thumbnail","hentry","category-accion-social"],"aioseo_notices":[],"jetpack_featured_media_url":"https:\/\/masquefarmacia.org\/wp-content\/uploads\/2025\/10\/LA-PLAZA-2025-09-19-23-scaled.jpg","jetpack_sharing_enabled":true,"_links":{"self":[{"href":"https:\/\/masquefarmacia.org\/index.php\/wp-json\/wp\/v2\/posts\/3987","targetHints":{"allow":["GET"]}}],"collection":[{"href":"https:\/\/masquefarmacia.org\/index.php\/wp-json\/wp\/v2\/posts"}],"about":[{"href":"https:\/\/masquefarmacia.org\/index.php\/wp-json\/wp\/v2\/types\/post"}],"author":[{"embeddable":true,"href":"https:\/\/masquefarmacia.org\/index.php\/wp-json\/wp\/v2\/users\/2"}],"replies":[{"embeddable":true,"href":"https:\/\/masquefarmacia.org\/index.php\/wp-json\/wp\/v2\/comments?post=3987"}],"version-history":[{"count":2,"href":"https:\/\/masquefarmacia.org\/index.php\/wp-json\/wp\/v2\/posts\/3987\/revisions"}],"predecessor-version":[{"id":4001,"href":"https:\/\/masquefarmacia.org\/index.php\/wp-json\/wp\/v2\/posts\/3987\/revisions\/4001"}],"wp:featuredmedia":[{"embeddable":true,"href":"https:\/\/masquefarmacia.org\/index.php\/wp-json\/wp\/v2\/media\/3991"}],"wp:attachment":[{"href":"https:\/\/masquefarmacia.org\/index.php\/wp-json\/wp\/v2\/media?parent=3987"}],"wp:term":[{"taxonomy":"category","embeddable":true,"href":"https:\/\/masquefarmacia.org\/index.php\/wp-json\/wp\/v2\/categories?post=3987"},{"taxonomy":"post_tag","embeddable":true,"href":"https:\/\/masquefarmacia.org\/index.php\/wp-json\/wp\/v2\/tags?post=3987"}],"curies":[{"name":"wp","href":"https:\/\/api.w.org\/{rel}","templated":true}]}}