{"id":4002,"date":"2025-10-04T19:10:04","date_gmt":"2025-10-04T19:10:04","guid":{"rendered":"https:\/\/masquefarmacia.org\/?p=4002"},"modified":"2025-10-04T19:24:30","modified_gmt":"2025-10-04T19:24:30","slug":"mas-que-farmacia-colabora-en-el-proyecto-transfrontera","status":"publish","type":"post","link":"https:\/\/masquefarmacia.org\/index.php\/2025\/10\/04\/mas-que-farmacia-colabora-en-el-proyecto-transfrontera\/","title":{"rendered":"M\u00e1s que Farmacia colabora en el Proyecto Transfrontera: EL CUIDADOR"},"content":{"rendered":"\n<p><strong>Comienza un nuevo curso de Proyecto Transfrontera el pr\u00f3ximo 18 de octubre<\/strong><\/p>\n\n\n\n<p>Comienza un a\u00f1o m\u00e1s las sesiones de acompa\u00f1amiento y formaci\u00f3n para mujeres que llegan de otros pa\u00edses a nuestra ciudad, en las que las usuarias tienen la oportunidad de aprender o mejorar su espa\u00f1ol, adem\u00e1s de talleres de cocina, atenci\u00f3n a mayores y actividades de ocio y culturales.<\/p>\n\n\n\n<p>Como presidente de la ONG <strong>M\u00e1s que Farmacia<\/strong>, es para m\u00ed un honor presentar nuestra participaci\u00f3n con el <strong>Proyecto Transfrontera<\/strong>, una iniciativa que nace con un prop\u00f3sito claro: ofrecer herramientas de formaci\u00f3n y empoderamiento a <strong>mujeres migrantes residentes en Sevilla y su provincia<\/strong>, con el fin de abrirles nuevas oportunidades profesionales y personales.<\/p>\n\n\n\n<p>Vivimos en una sociedad diversa, en constante transformaci\u00f3n, donde la integraci\u00f3n de las personas migrantes no puede ser entendida solo como un reto, sino como una <strong>riqueza compartida<\/strong>. Las mujeres migrantes enfrentan, en muchos casos, una doble vulnerabilidad: por su condici\u00f3n de mujer y por la situaci\u00f3n de desarraigo y adaptaci\u00f3n a un nuevo entorno. Desde esta perspectiva, resulta fundamental dise\u00f1ar programas que respondan a sus necesidades reales, que refuercen su autonom\u00eda y que reconozcan el valor de sus capacidades y experiencias previas.<\/p>\n\n\n\n<p>El curso que se pone en marcha junto a <strong>Proyecto Transfrontera<\/strong> se centra en el desarrollo de <strong>habilidades profesionales vinculadas al cuidado, la salud, la seguridad y el conocimiento espec\u00edfico de las necesidades de las personas<\/strong>. Estos \u00e1mbitos no solo son demandados en el mercado laboral, sino que tienen un gran impacto social, pues fomentan la atenci\u00f3n y el acompa\u00f1amiento de colectivos especialmente sensibles, como las personas mayores, dependientes o con enfermedades cr\u00f3nicas.<\/p>\n\n\n\n<p>En este marco, la ONG <strong>M\u00e1s que Farmacia<\/strong> asume con gran responsabilidad la tarea de impartir los <strong>talleres de salud y primeros auxilios<\/strong>. Nuestra experiencia como organizaci\u00f3n multidisciplinar sanitaria nos permite garantizar una formaci\u00f3n pr\u00e1ctica, rigurosa y cercana. Sabemos que el acceso a conocimientos b\u00e1sicos de salud puede marcar la diferencia en la vida cotidiana: desde identificar un s\u00edntoma de alarma, hasta actuar con rapidez en una situaci\u00f3n de emergencia o aplicar medidas preventivas que eviten complicaciones mayores.<\/p>\n\n\n\n<p>Los talleres estar\u00e1n dise\u00f1ados de manera participativa, adaptados al contexto y al lenguaje de las mujeres a quienes van dirigidos. Queremos que no solo adquieran destrezas t\u00e9cnicas, sino tambi\u00e9n confianza en s\u00ed mismas para desenvolverse en entornos laborales y comunitarios. Un aspecto clave ser\u00e1 <strong>la formaci\u00f3n en primeros auxilios<\/strong>, donde abordaremos situaciones frecuentes como atragantamientos, ca\u00eddas, heridas, mareos o crisis de salud repentinas. De igual modo, trabajaremos en la promoci\u00f3n de h\u00e1bitos saludables, la prevenci\u00f3n de enfermedades y el cuidado integral de la persona.<\/p>\n\n\n\n<p>Nuestro compromiso es que este aprendizaje no se limite a un aula, sino que pueda trasladarse a la vida diaria de las participantes, fortaleciendo sus competencias y aumentando sus posibilidades de inserci\u00f3n laboral. Pero, sobre todo, buscamos que se convierta en un espacio de encuentro, de apoyo mutuo y de construcci\u00f3n de comunidad.<\/p>\n\n\n\n<p>La colaboraci\u00f3n con <strong>Proyecto Transfrontera<\/strong> es, por tanto, una apuesta por la <strong>igualdad de oportunidades, la salud comunitaria y la inclusi\u00f3n social<\/strong>. Como presidente de <strong>M\u00e1s que Farmacia<\/strong>, me enorgullece que nuestra organizaci\u00f3n contribuya a abrir caminos de esperanza, reforzando el papel de la mujer migrante como agente activo de cambio en nuestra sociedad.<\/p>\n\n\n\n<p>En definitiva, este curso no es solo una formaci\u00f3n profesional: es un proyecto de vida, un puente entre culturas y una semilla de futuro.<\/p>\n\n\n\n<figure class=\"wp-block-gallery has-nested-images columns-default is-cropped wp-block-gallery-1 is-layout-flex wp-block-gallery-is-layout-flex\">\n<figure class=\"wp-block-image size-large\"><img fetchpriority=\"high\" decoding=\"async\" width=\"772\" height=\"763\" data-id=\"4006\" src=\"https:\/\/masquefarmacia.org\/wp-content\/uploads\/2025\/10\/PROYECTO-TRANSFRONTERA-FOTO-PERSONAS-1.png\" alt=\"\" class=\"wp-image-4006\" srcset=\"https:\/\/masquefarmacia.org\/wp-content\/uploads\/2025\/10\/PROYECTO-TRANSFRONTERA-FOTO-PERSONAS-1.png 772w, https:\/\/masquefarmacia.org\/wp-content\/uploads\/2025\/10\/PROYECTO-TRANSFRONTERA-FOTO-PERSONAS-1-300x297.png 300w, https:\/\/masquefarmacia.org\/wp-content\/uploads\/2025\/10\/PROYECTO-TRANSFRONTERA-FOTO-PERSONAS-1-768x759.png 768w, https:\/\/masquefarmacia.org\/wp-content\/uploads\/2025\/10\/PROYECTO-TRANSFRONTERA-FOTO-PERSONAS-1-600x593.png 600w, https:\/\/masquefarmacia.org\/wp-content\/uploads\/2025\/10\/PROYECTO-TRANSFRONTERA-FOTO-PERSONAS-1-100x100.png 100w\" sizes=\"(max-width: 772px) 100vw, 772px\" \/><\/figure>\n\n\n\n<figure class=\"wp-block-image size-large\"><img decoding=\"async\" width=\"988\" height=\"1003\" data-id=\"4005\" src=\"https:\/\/masquefarmacia.org\/wp-content\/uploads\/2025\/10\/CARTEL-CURSO-PROYECTO-TRANSFRONTERA-18-10-25-A-06-06-2026-1.jpg\" alt=\"\" class=\"wp-image-4005\" srcset=\"https:\/\/masquefarmacia.org\/wp-content\/uploads\/2025\/10\/CARTEL-CURSO-PROYECTO-TRANSFRONTERA-18-10-25-A-06-06-2026-1.jpg 988w, https:\/\/masquefarmacia.org\/wp-content\/uploads\/2025\/10\/CARTEL-CURSO-PROYECTO-TRANSFRONTERA-18-10-25-A-06-06-2026-1-296x300.jpg 296w, https:\/\/masquefarmacia.org\/wp-content\/uploads\/2025\/10\/CARTEL-CURSO-PROYECTO-TRANSFRONTERA-18-10-25-A-06-06-2026-1-768x780.jpg 768w, https:\/\/masquefarmacia.org\/wp-content\/uploads\/2025\/10\/CARTEL-CURSO-PROYECTO-TRANSFRONTERA-18-10-25-A-06-06-2026-1-600x609.jpg 600w\" sizes=\"(max-width: 988px) 100vw, 988px\" \/><\/figure>\n<\/figure>\n","protected":false},"excerpt":{"rendered":"<p>Comienza un nuevo curso de Proyecto Transfrontera el pr\u00f3ximo 18 de octubre Comienza un a\u00f1o m\u00e1s las sesiones de acompa\u00f1amiento y formaci\u00f3n para mujeres que llegan de otros pa\u00edses a nuestra ciudad, en las que las usuarias tienen la oportunidad de aprender o mejorar su espa\u00f1ol, adem\u00e1s de talleres de cocina, atenci\u00f3n a mayores y [&hellip;]<\/p>\n","protected":false},"author":2,"featured_media":4004,"comment_status":"open","ping_status":"open","sticky":false,"template":"","format":"standard","meta":{"_monsterinsights_skip_tracking":false,"_monsterinsights_sitenote_active":false,"_monsterinsights_sitenote_note":"","_monsterinsights_sitenote_category":0,"_jetpack_memberships_contains_paid_content":false,"footnotes":""},"categories":[25],"tags":[],"class_list":["post-4002","post","type-post","status-publish","format-standard","has-post-thumbnail","hentry","category-formacion"],"aioseo_notices":[],"jetpack_featured_media_url":"https:\/\/masquefarmacia.org\/wp-content\/uploads\/2025\/10\/CARTEL-CURSO-PROYECTO-TRANSFRONTERA-18-10-25-A-06-06-2026.jpg","jetpack_sharing_enabled":true,"_links":{"self":[{"href":"https:\/\/masquefarmacia.org\/index.php\/wp-json\/wp\/v2\/posts\/4002","targetHints":{"allow":["GET"]}}],"collection":[{"href":"https:\/\/masquefarmacia.org\/index.php\/wp-json\/wp\/v2\/posts"}],"about":[{"href":"https:\/\/masquefarmacia.org\/index.php\/wp-json\/wp\/v2\/types\/post"}],"author":[{"embeddable":true,"href":"https:\/\/masquefarmacia.org\/index.php\/wp-json\/wp\/v2\/users\/2"}],"replies":[{"embeddable":true,"href":"https:\/\/masquefarmacia.org\/index.php\/wp-json\/wp\/v2\/comments?post=4002"}],"version-history":[{"count":3,"href":"https:\/\/masquefarmacia.org\/index.php\/wp-json\/wp\/v2\/posts\/4002\/revisions"}],"predecessor-version":[{"id":4009,"href":"https:\/\/masquefarmacia.org\/index.php\/wp-json\/wp\/v2\/posts\/4002\/revisions\/4009"}],"wp:featuredmedia":[{"embeddable":true,"href":"https:\/\/masquefarmacia.org\/index.php\/wp-json\/wp\/v2\/media\/4004"}],"wp:attachment":[{"href":"https:\/\/masquefarmacia.org\/index.php\/wp-json\/wp\/v2\/media?parent=4002"}],"wp:term":[{"taxonomy":"category","embeddable":true,"href":"https:\/\/masquefarmacia.org\/index.php\/wp-json\/wp\/v2\/categories?post=4002"},{"taxonomy":"post_tag","embeddable":true,"href":"https:\/\/masquefarmacia.org\/index.php\/wp-json\/wp\/v2\/tags?post=4002"}],"curies":[{"name":"wp","href":"https:\/\/api.w.org\/{rel}","templated":true}]}}