{"id":4057,"date":"2025-10-11T18:25:53","date_gmt":"2025-10-11T18:25:53","guid":{"rendered":"https:\/\/masquefarmacia.org\/?p=4057"},"modified":"2025-10-11T18:31:28","modified_gmt":"2025-10-11T18:31:28","slug":"video-institucional-mas-que-farmacia-2025","status":"publish","type":"post","link":"https:\/\/masquefarmacia.org\/index.php\/2025\/10\/11\/video-institucional-mas-que-farmacia-2025\/","title":{"rendered":"Video Institucional M\u00e1s que Farmacia 2025"},"content":{"rendered":"\n<figure class=\"wp-block-embed is-type-video is-provider-youtube wp-block-embed-youtube wp-embed-aspect-16-9 wp-has-aspect-ratio\"><div class=\"wp-block-embed__wrapper\">\n<iframe title=\"VIDEO INSTITUCIONAL MQF  2025-09\" width=\"500\" height=\"281\" src=\"https:\/\/www.youtube.com\/embed\/Jyhm6Un6tOE?feature=oembed\" frameborder=\"0\" allow=\"accelerometer; autoplay; clipboard-write; encrypted-media; gyroscope; picture-in-picture; web-share\" referrerpolicy=\"strict-origin-when-cross-origin\" allowfullscreen><\/iframe>\n<\/div><\/figure>\n\n\n\n<p>La ONG sanitaria <strong>M\u00e1s que Farmacia<\/strong> ha lanzado su <strong>nuevo v\u00eddeo institucional<\/strong>, una pieza audiovisual que refleja con sensibilidad y rigor la esencia de su labor solidaria, tanto en el \u00e1mbito nacional como internacional. El v\u00eddeo resume los <strong>fines fundacionales de la entidad<\/strong>, su compromiso con la salud p\u00fablica y la equidad sanitaria, as\u00ed como las <strong>diversas l\u00edneas de acci\u00f3n<\/strong> que desarrolla para mejorar la vida de las personas m\u00e1s vulnerables.<\/p>\n\n\n\n<p>En sus im\u00e1genes, se muestra el trabajo cotidiano del equipo de voluntarios sanitarios y colaboradores de la ONG en diferentes contextos: desde la atenci\u00f3n y acompa\u00f1amiento a <strong>personas mayores, inmigrantes, personas sin hogar y familias en riesgo de exclusi\u00f3n<\/strong>, hasta la puesta en marcha de <strong>programas de promoci\u00f3n de la salud y prevenci\u00f3n de enfermedades<\/strong>. A trav\u00e9s de talleres, campa\u00f1as comunitarias y acciones en barrios y centros sociales, M\u00e1s que Farmacia fomenta h\u00e1bitos de vida saludables, el uso racional de medicamentos y el acceso equitativo a los recursos sanitarios.<\/p>\n\n\n\n<p>El v\u00eddeo tambi\u00e9n destaca la importante <strong>dimensi\u00f3n internacional<\/strong> de la organizaci\u00f3n. M\u00e1s que Farmacia participa en <strong>proyectos de cooperaci\u00f3n sanitaria en pa\u00edses en desarrollo<\/strong>, centrados en fortalecer los sistemas locales de salud y en apoyar a comunidades con escasos recursos. En situaciones de crisis o cat\u00e1strofes, la ONG responde de manera solidaria mediante <strong>donaciones de material sanitario y medicamentos<\/strong>, asegurando que la ayuda llegue donde m\u00e1s se necesita.<\/p>\n\n\n\n<p>Otro de los pilares que recoge la producci\u00f3n audiovisual es la <strong>formaci\u00f3n continua de los profesionales sanitarios<\/strong>. A trav\u00e9s de cursos, seminarios y programas acreditados, la ONG promueve la actualizaci\u00f3n de conocimientos en \u00e1reas como salud comunitaria, atenci\u00f3n a la vulnerabilidad social, envejecimiento activo, promoci\u00f3n de la salud y cooperaci\u00f3n internacional. Estas acciones formativas son impartidas por expertos del \u00e1mbito sanitario y buscan generar un impacto real tanto en los profesionales como en la poblaci\u00f3n a la que atienden.<\/p>\n\n\n\n<p>Con este nuevo v\u00eddeo institucional, <strong>M\u00e1s que Farmacia reafirma su compromiso con la salud, la solidaridad y la educaci\u00f3n sanitaria<\/strong>, mostrando una organizaci\u00f3n viva, comprometida y cercana a las personas. La pieza audiovisual invita a conocer de primera mano c\u00f3mo el trabajo conjunto de voluntarios, profesionales y entidades colaboradoras hace posible transformar la salud en un verdadero motor de justicia social y bienestar compartido.<\/p>\n\n\n\n<p><\/p>\n","protected":false},"excerpt":{"rendered":"<p>La ONG sanitaria M\u00e1s que Farmacia ha lanzado su nuevo v\u00eddeo institucional, una pieza audiovisual que refleja con sensibilidad y rigor la esencia de su labor solidaria, tanto en el \u00e1mbito nacional como internacional. El v\u00eddeo resume los fines fundacionales de la entidad, su compromiso con la salud p\u00fablica y la equidad sanitaria, as\u00ed como [&hellip;]<\/p>\n","protected":false},"author":2,"featured_media":4058,"comment_status":"open","ping_status":"open","sticky":false,"template":"","format":"standard","meta":{"_monsterinsights_skip_tracking":false,"_monsterinsights_sitenote_active":false,"_monsterinsights_sitenote_note":"","_monsterinsights_sitenote_category":0,"_jetpack_memberships_contains_paid_content":false,"footnotes":""},"categories":[22],"tags":[],"class_list":["post-4057","post","type-post","status-publish","format-standard","has-post-thumbnail","hentry","category-general"],"aioseo_notices":[],"jetpack_featured_media_url":"https:\/\/masquefarmacia.org\/wp-content\/uploads\/2025\/10\/PORTADA-VIDEO-PROMOCIONAL-2025-09.png","jetpack_sharing_enabled":true,"_links":{"self":[{"href":"https:\/\/masquefarmacia.org\/index.php\/wp-json\/wp\/v2\/posts\/4057","targetHints":{"allow":["GET"]}}],"collection":[{"href":"https:\/\/masquefarmacia.org\/index.php\/wp-json\/wp\/v2\/posts"}],"about":[{"href":"https:\/\/masquefarmacia.org\/index.php\/wp-json\/wp\/v2\/types\/post"}],"author":[{"embeddable":true,"href":"https:\/\/masquefarmacia.org\/index.php\/wp-json\/wp\/v2\/users\/2"}],"replies":[{"embeddable":true,"href":"https:\/\/masquefarmacia.org\/index.php\/wp-json\/wp\/v2\/comments?post=4057"}],"version-history":[{"count":2,"href":"https:\/\/masquefarmacia.org\/index.php\/wp-json\/wp\/v2\/posts\/4057\/revisions"}],"predecessor-version":[{"id":4062,"href":"https:\/\/masquefarmacia.org\/index.php\/wp-json\/wp\/v2\/posts\/4057\/revisions\/4062"}],"wp:featuredmedia":[{"embeddable":true,"href":"https:\/\/masquefarmacia.org\/index.php\/wp-json\/wp\/v2\/media\/4058"}],"wp:attachment":[{"href":"https:\/\/masquefarmacia.org\/index.php\/wp-json\/wp\/v2\/media?parent=4057"}],"wp:term":[{"taxonomy":"category","embeddable":true,"href":"https:\/\/masquefarmacia.org\/index.php\/wp-json\/wp\/v2\/categories?post=4057"},{"taxonomy":"post_tag","embeddable":true,"href":"https:\/\/masquefarmacia.org\/index.php\/wp-json\/wp\/v2\/tags?post=4057"}],"curies":[{"name":"wp","href":"https:\/\/api.w.org\/{rel}","templated":true}]}}