{"id":4582,"date":"2026-01-01T19:59:12","date_gmt":"2026-01-01T19:59:12","guid":{"rendered":"https:\/\/masquefarmacia.org\/?p=4582"},"modified":"2026-01-01T19:59:16","modified_gmt":"2026-01-01T19:59:16","slug":"mas-que-farmacia-firma-acuerdo-de-colaboracion-con-la-asociacion-abeto-murcia-en-la-ayuda-de-las-personas-sinhogar","status":"publish","type":"post","link":"https:\/\/masquefarmacia.org\/index.php\/2026\/01\/01\/mas-que-farmacia-firma-acuerdo-de-colaboracion-con-la-asociacion-abeto-murcia-en-la-ayuda-de-las-personas-sinhogar\/","title":{"rendered":"M\u00e1s que Farmacia firma acuerdo de colaboraci\u00f3n con la Asociaci\u00f3n Abeto (Murcia) en la ayuda de las personas sinhogar"},"content":{"rendered":"\n<p>Desde la ONG <strong>M\u00e1s que Farmacia<\/strong> celebramos la firma del convenio de colaboraci\u00f3n con <strong>ABETO<\/strong>, Asociaci\u00f3n de Murcia dedicada a la atenci\u00f3n integral de personas sin hogar, un colectivo especialmente vulnerable que requiere respuestas coordinadas, humanas y sostenidas en el tiempo.<\/p>\n\n\n\n<p>Este acuerdo permitir\u00e1 desarrollar <strong>acciones conjuntas de intervenci\u00f3n social y sanitaria<\/strong>, centradas en la promoci\u00f3n de la salud, la prevenci\u00f3n de la enfermedad y el acompa\u00f1amiento psicosocial. Entre las principales actividades previstas se incluyen: atenci\u00f3n y educaci\u00f3n sanitaria b\u00e1sica, apoyo en el seguimiento de tratamientos, talleres de h\u00e1bitos saludables, detecci\u00f3n de situaciones de vulnerabilidad social y derivaci\u00f3n coordinada a recursos sociosanitarios, as\u00ed como acciones comunitarias de sensibilizaci\u00f3n.<\/p>\n\n\n\n<p>La colaboraci\u00f3n con ABETO supone una <strong>mejora directa en la calidad de vida de las personas sin hogar<\/strong>, facilitando el acceso a cuidados b\u00e1sicos, reduciendo desigualdades en salud y fortaleciendo su autonom\u00eda personal. La combinaci\u00f3n de la experiencia social de ABETO con el enfoque sanitario y comunitario de M\u00e1s que Farmacia refuerza una intervenci\u00f3n integral, cercana y adaptada a las necesidades reales del territorio.<\/p>\n\n\n\n<p>Asimismo, este convenio representa un <strong>paso estrat\u00e9gico en la expansi\u00f3n de M\u00e1s que Farmacia a otras provincias<\/strong>, consolidando su compromiso con la atenci\u00f3n a los colectivos m\u00e1s vulnerables y favoreciendo la creaci\u00f3n de redes colaborativas que multipliquen el impacto social, promoviendo una acci\u00f3n solidaria, profesional y sostenible m\u00e1s all\u00e1 del \u00e1mbito local.<\/p>\n\n\n\n<figure class=\"wp-block-image size-full\"><img fetchpriority=\"high\" decoding=\"async\" width=\"603\" height=\"571\" src=\"https:\/\/masquefarmacia.org\/wp-content\/uploads\/2026\/01\/FOTO-PORTADA-ASOCIACION-ABETO-PARA-WEBB-2025.png\" alt=\"\" class=\"wp-image-4583\" srcset=\"https:\/\/masquefarmacia.org\/wp-content\/uploads\/2026\/01\/FOTO-PORTADA-ASOCIACION-ABETO-PARA-WEBB-2025.png 603w, https:\/\/masquefarmacia.org\/wp-content\/uploads\/2026\/01\/FOTO-PORTADA-ASOCIACION-ABETO-PARA-WEBB-2025-300x284.png 300w, https:\/\/masquefarmacia.org\/wp-content\/uploads\/2026\/01\/FOTO-PORTADA-ASOCIACION-ABETO-PARA-WEBB-2025-600x568.png 600w\" sizes=\"(max-width: 603px) 100vw, 603px\" \/><\/figure>\n","protected":false},"excerpt":{"rendered":"<p>Desde la ONG M\u00e1s que Farmacia celebramos la firma del convenio de colaboraci\u00f3n con ABETO, Asociaci\u00f3n de Murcia dedicada a la atenci\u00f3n integral de personas sin hogar, un colectivo especialmente vulnerable que requiere respuestas coordinadas, humanas y sostenidas en el tiempo. Este acuerdo permitir\u00e1 desarrollar acciones conjuntas de intervenci\u00f3n social y sanitaria, centradas en la [&hellip;]<\/p>\n","protected":false},"author":2,"featured_media":4583,"comment_status":"open","ping_status":"open","sticky":false,"template":"","format":"standard","meta":{"_monsterinsights_skip_tracking":false,"_monsterinsights_sitenote_active":false,"_monsterinsights_sitenote_note":"","_monsterinsights_sitenote_category":0,"_jetpack_memberships_contains_paid_content":false,"footnotes":""},"categories":[20],"tags":[],"class_list":["post-4582","post","type-post","status-publish","format-standard","has-post-thumbnail","hentry","category-accion-social"],"aioseo_notices":[],"jetpack_featured_media_url":"https:\/\/masquefarmacia.org\/wp-content\/uploads\/2026\/01\/FOTO-PORTADA-ASOCIACION-ABETO-PARA-WEBB-2025.png","jetpack_sharing_enabled":true,"_links":{"self":[{"href":"https:\/\/masquefarmacia.org\/index.php\/wp-json\/wp\/v2\/posts\/4582","targetHints":{"allow":["GET"]}}],"collection":[{"href":"https:\/\/masquefarmacia.org\/index.php\/wp-json\/wp\/v2\/posts"}],"about":[{"href":"https:\/\/masquefarmacia.org\/index.php\/wp-json\/wp\/v2\/types\/post"}],"author":[{"embeddable":true,"href":"https:\/\/masquefarmacia.org\/index.php\/wp-json\/wp\/v2\/users\/2"}],"replies":[{"embeddable":true,"href":"https:\/\/masquefarmacia.org\/index.php\/wp-json\/wp\/v2\/comments?post=4582"}],"version-history":[{"count":1,"href":"https:\/\/masquefarmacia.org\/index.php\/wp-json\/wp\/v2\/posts\/4582\/revisions"}],"predecessor-version":[{"id":4584,"href":"https:\/\/masquefarmacia.org\/index.php\/wp-json\/wp\/v2\/posts\/4582\/revisions\/4584"}],"wp:featuredmedia":[{"embeddable":true,"href":"https:\/\/masquefarmacia.org\/index.php\/wp-json\/wp\/v2\/media\/4583"}],"wp:attachment":[{"href":"https:\/\/masquefarmacia.org\/index.php\/wp-json\/wp\/v2\/media?parent=4582"}],"wp:term":[{"taxonomy":"category","embeddable":true,"href":"https:\/\/masquefarmacia.org\/index.php\/wp-json\/wp\/v2\/categories?post=4582"},{"taxonomy":"post_tag","embeddable":true,"href":"https:\/\/masquefarmacia.org\/index.php\/wp-json\/wp\/v2\/tags?post=4582"}],"curies":[{"name":"wp","href":"https:\/\/api.w.org\/{rel}","templated":true}]}}