{"id":5155,"date":"2026-04-28T15:20:04","date_gmt":"2026-04-28T15:20:04","guid":{"rendered":"https:\/\/masquefarmacia.org\/?p=5155"},"modified":"2026-04-28T15:22:15","modified_gmt":"2026-04-28T15:22:15","slug":"mas-que-farmacia-org-renueva-el-mandato-de-su-junta-directiva-para-consolidar-su-plan-estrategico-en-salud-y-accion-social","status":"publish","type":"post","link":"https:\/\/masquefarmacia.org\/index.php\/2026\/04\/28\/mas-que-farmacia-org-renueva-el-mandato-de-su-junta-directiva-para-consolidar-su-plan-estrategico-en-salud-y-accion-social\/","title":{"rendered":"M\u00e1s Que Farmacia ORG renueva el mandato de su Junta Directiva para consolidar su plan estrat\u00e9gico en salud y acci\u00f3n social"},"content":{"rendered":"\n<figure class=\"wp-block-table\"><table class=\"has-fixed-layout\"><tbody><tr><td class=\"has-text-align-left\" data-align=\"left\"><strong>Un equipo multidisciplinar con amplia experiencia en cooperaci\u00f3n sanitaria, salud p\u00fablica e industria farmac\u00e9utica continuar\u00e1 liderando la organizaci\u00f3n.<\/strong><br><br>La Asamblea General Extraordinaria de\u00a0<strong>M\u00e1s Que Farmacia ORG<\/strong>, celebrada el pasado 27 de marzo, ha aprobado por unanimidad la\u00a0<strong>renovaci\u00f3n del mandato de su Junta Directiva<\/strong>, reafirmando su confianza en el actual equipo para seguir impulsando el desarrollo estrat\u00e9gico de la organizaci\u00f3n.<br><br>Esta renovaci\u00f3n da continuidad a un proyecto consolidado, liderado por un equipo multidisciplinar con una s\u00f3lida trayectoria en salud p\u00fablica, cooperaci\u00f3n internacional, acci\u00f3n social y en el \u00e1mbito farmac\u00e9utico, que ha sido clave en el posicionamiento de la entidad como actor relevante en la promoci\u00f3n de la salud y la atenci\u00f3n a colectivos vulnerables.<br><br>La Junta Directiva est\u00e1 presidida por\u00a0<strong>Jes\u00fas S\u00e1nchez<\/strong>, Doctor en Farmacia y referente en farmacia hospitalaria y cooperaci\u00f3n sanitaria, con una extensa trayectoria como cooperante internacional en pa\u00edses como India, Per\u00fa, Rep\u00fablica Dominicana o Marruecos, as\u00ed como en la coordinaci\u00f3n del programa Banco de Medicamentos de Farmac\u00e9uticos Sin Fronteras durante 15 a\u00f1os.<br><br>Como secretario general,\u00a0<strong>\u00c1ngel Hu\u00e9lamo<\/strong>, farmac\u00e9utico especializado en gesti\u00f3n de entidades no lucrativas, salud p\u00fablica y comunitaria y medici\u00f3n de impacto social, aporta m\u00e1s de 25 a\u00f1os de experiencia en Farmac\u00e9uticos Sin Fronteras, donde desempe\u00f1\u00f3 funciones de direcci\u00f3n durante m\u00e1s de dos d\u00e9cadas. Su trayectoria combina liderazgo estrat\u00e9gico, desarrollo de proyectos de alto impacto referencia en el sector farmac\u00e9utico como\u00a0<em>Proyecto Boticarios<\/em>\u00a0y una intensa labor en cooperaci\u00f3n internacional en pa\u00edses como Guatemala, Ecuador o Ucrania, sin olvidar su participaci\u00f3n en entidades del sector social y sanitario como ICONG-Instituto de la Calidad de las ONG- o AMASAP-Asociaci\u00f3n Madrile\u00f1a de Salud P\u00fablica-.<br><br>El comit\u00e9 ejecutivo se completa con\u00a0<strong>Fernando Mart\u00ednez<\/strong>, vicepresidente, con una destacada trayectoria habiendo participado en m\u00e1s de una decena de proyectos de cooperaci\u00f3n farmac\u00e9utica sobre el terreno en Am\u00e9rica Latina y\u00a0<strong>Ruth Parra<\/strong>, Tesorera, con m\u00e1s de dos d\u00e9cadas de trabajo en gesti\u00f3n y coordinaci\u00f3n internacional de proyectos en m\u00faltiples pa\u00edses.<br><br>A este n\u00facleo procedente de la ya extinta Farmac\u00e9uticos Sin Fronteras se suma\u00a0<strong>Carlos Lerma<\/strong>, vocal, especialista en intervenci\u00f3n en emergencias y cooperaci\u00f3n sanitaria y\u00a0<strong>Montserrat Pastor<\/strong>, profesional del desarrollo de proyectos en el \u00e1mbito social.<br><br>La junta se completa con\u00a0<strong>Ana Mar\u00eda Pleguezuelo<\/strong>, t\u00e9cnico en enfermer\u00eda con experiencia en cooperaci\u00f3n internacional y proyectos sociosanitarios; y\u00a0<strong>Antonio Jos\u00e9 P\u00e9rez Corbera<\/strong>\u00a0y\u00a0<strong>Roberto Rodr\u00edguez<\/strong>, profesionales con una s\u00f3lida trayectoria en la industria farmac\u00e9utica, un sector clave para el desarrollo de iniciativas impulsadas por M\u00e1s Que Farmacia ORG.<br><br>La continuidad de este equipo permitir\u00e1\u00a0<strong>seguir desplegando el plan estrat\u00e9gico de la organizaci\u00f3n<\/strong>, centrado en:<br>La promoci\u00f3n de la salud en colectivos vulnerables -Migrantes, personas sin hogar, mayores y poblaci\u00f3n infantil.El impulso de proyectos de acci\u00f3n social con base farmac\u00e9uticaEl fortalecimiento del papel del farmac\u00e9utico como agente de cambio socialEl desarrollo de iniciativas innovadoras en salud comunitaria tanto en Espa\u00f1a como a nivel de los proyectos internacionales. \u00a0<br><br>En los \u00faltimos a\u00f1os, M\u00e1s Que Farmacia ORG ha desarrollado iniciativas orientadas a mejorar el acceso a la salud y la calidad de vida de personas en situaci\u00f3n de vulnerabilidad, consolidando un modelo de intervenci\u00f3n basado en el conocimiento t\u00e9cnico, la experiencia en terreno y el compromiso social.<br>La organizaci\u00f3n ha consolidado su impacto global interviniendo en\u00a0<strong>11 pa\u00edses<\/strong>, logrando gestionar un total de\u00a0<strong>26 env\u00edos\u00a0<\/strong>de medicamentos y material sanitario. Esta labor ha permitido atender a cerca de\u00a0<strong>6.000 beneficiarios directos<\/strong>\u00a0en proyectos de cooperaci\u00f3n internacional, mientras que en el \u00e1mbito nacional se han alcanzado las\u00a0<strong>1.767 atenciones sanitarias anuales<\/strong>\u00a0y realizado\u00a0<strong>70 talleres<\/strong>\u00a0de promoci\u00f3n de la salud para colectivos en exclusi\u00f3n. El compromiso con la capacitaci\u00f3n se refleja en la formaci\u00f3n de casi\u00a0<strong>1.000 alumnos<\/strong>\u00a0y la edici\u00f3n de\u00a0<strong>76 infograf\u00edas y 45 v\u00eddeos<\/strong>\u00a0divulgativos bajo el programa +QSaludable. Todo este trabajo es impulsado por un equipo de\u00a0<strong>profesionales sanitarios que colaboran de forma \u00edntegramente voluntaria<\/strong>, habiendo dedicado solo en el \u00faltimo a\u00f1o\u00a0<strong>1.442,5 horas<\/strong>\u00a0de servicio profesional, un esfuerzo valorado en\u00a0<strong>43.275 \u20ac<\/strong>\u00a0que la organizaci\u00f3n revierte directamente en la salud de los m\u00e1s vulnerables.<br><br><strong>Esperamos seguir con este trabajo y resultados y sobre todo, seguir contando con tu apoyo para conseguirlo.<\/strong><\/td><\/tr><\/tbody><\/table><\/figure>\n\n\n\n<figure class=\"wp-block-image size-large\"><img fetchpriority=\"high\" decoding=\"async\" width=\"1024\" height=\"683\" src=\"https:\/\/masquefarmacia.org\/wp-content\/uploads\/2026\/04\/f2b72095-f51c-4c6f-a237-bc792396af69-2-1024x683.jpg\" alt=\"\" class=\"wp-image-5156\" srcset=\"https:\/\/masquefarmacia.org\/wp-content\/uploads\/2026\/04\/f2b72095-f51c-4c6f-a237-bc792396af69-2-1024x683.jpg 1024w, https:\/\/masquefarmacia.org\/wp-content\/uploads\/2026\/04\/f2b72095-f51c-4c6f-a237-bc792396af69-2-300x200.jpg 300w, https:\/\/masquefarmacia.org\/wp-content\/uploads\/2026\/04\/f2b72095-f51c-4c6f-a237-bc792396af69-2-768x512.jpg 768w, https:\/\/masquefarmacia.org\/wp-content\/uploads\/2026\/04\/f2b72095-f51c-4c6f-a237-bc792396af69-2-600x400.jpg 600w, https:\/\/masquefarmacia.org\/wp-content\/uploads\/2026\/04\/f2b72095-f51c-4c6f-a237-bc792396af69-2.jpg 1536w\" sizes=\"(max-width: 1024px) 100vw, 1024px\" \/><\/figure>\n","protected":false},"excerpt":{"rendered":"<p>Un equipo multidisciplinar con amplia experiencia en cooperaci\u00f3n sanitaria, salud p\u00fablica e industria farmac\u00e9utica continuar\u00e1 liderando la organizaci\u00f3n. La Asamblea General Extraordinaria de\u00a0M\u00e1s Que Farmacia ORG, celebrada el pasado 27 de marzo, ha aprobado por unanimidad la\u00a0renovaci\u00f3n del mandato de su Junta Directiva, reafirmando su confianza en el actual equipo para seguir impulsando el desarrollo [&hellip;]<\/p>\n","protected":false},"author":2,"featured_media":5156,"comment_status":"open","ping_status":"open","sticky":false,"template":"","format":"standard","meta":{"_monsterinsights_skip_tracking":false,"_monsterinsights_sitenote_active":false,"_monsterinsights_sitenote_note":"","_monsterinsights_sitenote_category":0,"_jetpack_memberships_contains_paid_content":false,"footnotes":""},"categories":[22],"tags":[],"class_list":["post-5155","post","type-post","status-publish","format-standard","has-post-thumbnail","hentry","category-general"],"aioseo_notices":[],"jetpack_featured_media_url":"https:\/\/masquefarmacia.org\/wp-content\/uploads\/2026\/04\/f2b72095-f51c-4c6f-a237-bc792396af69-2.jpg","jetpack_sharing_enabled":true,"_links":{"self":[{"href":"https:\/\/masquefarmacia.org\/index.php\/wp-json\/wp\/v2\/posts\/5155","targetHints":{"allow":["GET"]}}],"collection":[{"href":"https:\/\/masquefarmacia.org\/index.php\/wp-json\/wp\/v2\/posts"}],"about":[{"href":"https:\/\/masquefarmacia.org\/index.php\/wp-json\/wp\/v2\/types\/post"}],"author":[{"embeddable":true,"href":"https:\/\/masquefarmacia.org\/index.php\/wp-json\/wp\/v2\/users\/2"}],"replies":[{"embeddable":true,"href":"https:\/\/masquefarmacia.org\/index.php\/wp-json\/wp\/v2\/comments?post=5155"}],"version-history":[{"count":2,"href":"https:\/\/masquefarmacia.org\/index.php\/wp-json\/wp\/v2\/posts\/5155\/revisions"}],"predecessor-version":[{"id":5158,"href":"https:\/\/masquefarmacia.org\/index.php\/wp-json\/wp\/v2\/posts\/5155\/revisions\/5158"}],"wp:featuredmedia":[{"embeddable":true,"href":"https:\/\/masquefarmacia.org\/index.php\/wp-json\/wp\/v2\/media\/5156"}],"wp:attachment":[{"href":"https:\/\/masquefarmacia.org\/index.php\/wp-json\/wp\/v2\/media?parent=5155"}],"wp:term":[{"taxonomy":"category","embeddable":true,"href":"https:\/\/masquefarmacia.org\/index.php\/wp-json\/wp\/v2\/categories?post=5155"},{"taxonomy":"post_tag","embeddable":true,"href":"https:\/\/masquefarmacia.org\/index.php\/wp-json\/wp\/v2\/tags?post=5155"}],"curies":[{"name":"wp","href":"https:\/\/api.w.org\/{rel}","templated":true}]}}