{"id":579,"date":"2022-08-31T16:49:08","date_gmt":"2022-08-31T16:49:08","guid":{"rendered":"https:\/\/masquefarmacia.org\/?p=579"},"modified":"2023-05-22T19:40:17","modified_gmt":"2023-05-22T19:40:17","slug":"curso-de-formacion-farmacia-y-cooperacion","status":"publish","type":"post","link":"https:\/\/masquefarmacia.org\/index.php\/2022\/08\/31\/curso-de-formacion-farmacia-y-cooperacion\/","title":{"rendered":"Curso de formaci\u00f3n Farmacia y Cooperaci\u00f3n"},"content":{"rendered":"\n<p>M\u00e1s que Farmacia lanza su primera acci\u00f3n formativa. Se trata del curso Farmacia y Cooperaci\u00f3n de veinte d\u00edas de duraci\u00f3n y formato online, que contar\u00e1 entre los tutores con profesionales de la farmacia humanitaria que han participado directamente en los proyectos que se van a exponer.<\/p>\n\n\n\n<p>El curso constar\u00e1 de cinco bloques en los que se estudiar\u00e1 la gesti\u00f3n administrativa, la cooperaci\u00f3n al desarrollo, la acci\u00f3n social y la comunicaci\u00f3n para el desarrollo.<\/p>\n\n\n\n<p>Con el pretendemos introducir al alumno en el mundo social de la farmacia prepar\u00e1ndolo para los retos que en la actualidad afronta el sector en el que la Agenda 2030 y los ODS est\u00e1n presentes en todas las actividades que realizan tanto ONG como empresas.<\/p>\n\n\n\n<p>Ya puedes realizar tu preinscripci\u00f3n en: <a href=\"https:\/\/docs.google.com\/forms\/d\/e\/1FAIpQLSeoJptB3_mrEqL2jvkyy3CtTKV2bNNKOX5CUZ4Qm633ytMp9Q\/viewform?usp=sf_link\" target=\"_blank\" rel=\"noreferrer noopener\">https:\/\/docs.google.com\/forms\/d\/e\/1FAIpQLSeoJptB3_mrEqL2jvkyy3CtTKV2bNNKOX5CUZ4Qm633ytMp9Q\/viewform?usp=sf_link <\/a><\/p>\n","protected":false},"excerpt":{"rendered":"<p>M\u00e1s que Farmacia lanza su primera acci\u00f3n formativa. Se trata del curso Farmacia y Cooperaci\u00f3n de veinte d\u00edas de duraci\u00f3n y formato online, que contar\u00e1 entre los tutores con profesionales de la farmacia humanitaria que han participado directamente en los proyectos que se van a exponer. El curso constar\u00e1 de cinco bloques en los que [&hellip;]<\/p>\n","protected":false},"author":1,"featured_media":580,"comment_status":"open","ping_status":"open","sticky":false,"template":"","format":"standard","meta":{"_monsterinsights_skip_tracking":false,"_monsterinsights_sitenote_active":false,"_monsterinsights_sitenote_note":"","_monsterinsights_sitenote_category":0,"_jetpack_memberships_contains_paid_content":false,"footnotes":""},"categories":[25],"tags":[],"class_list":["post-579","post","type-post","status-publish","format-standard","has-post-thumbnail","hentry","category-formacion"],"aioseo_notices":[],"jetpack_featured_media_url":"https:\/\/masquefarmacia.org\/wp-content\/uploads\/2022\/08\/curso_cooperacion_MQ-1.png","jetpack_sharing_enabled":true,"_links":{"self":[{"href":"https:\/\/masquefarmacia.org\/index.php\/wp-json\/wp\/v2\/posts\/579","targetHints":{"allow":["GET"]}}],"collection":[{"href":"https:\/\/masquefarmacia.org\/index.php\/wp-json\/wp\/v2\/posts"}],"about":[{"href":"https:\/\/masquefarmacia.org\/index.php\/wp-json\/wp\/v2\/types\/post"}],"author":[{"embeddable":true,"href":"https:\/\/masquefarmacia.org\/index.php\/wp-json\/wp\/v2\/users\/1"}],"replies":[{"embeddable":true,"href":"https:\/\/masquefarmacia.org\/index.php\/wp-json\/wp\/v2\/comments?post=579"}],"version-history":[{"count":3,"href":"https:\/\/masquefarmacia.org\/index.php\/wp-json\/wp\/v2\/posts\/579\/revisions"}],"predecessor-version":[{"id":1338,"href":"https:\/\/masquefarmacia.org\/index.php\/wp-json\/wp\/v2\/posts\/579\/revisions\/1338"}],"wp:featuredmedia":[{"embeddable":true,"href":"https:\/\/masquefarmacia.org\/index.php\/wp-json\/wp\/v2\/media\/580"}],"wp:attachment":[{"href":"https:\/\/masquefarmacia.org\/index.php\/wp-json\/wp\/v2\/media?parent=579"}],"wp:term":[{"taxonomy":"category","embeddable":true,"href":"https:\/\/masquefarmacia.org\/index.php\/wp-json\/wp\/v2\/categories?post=579"},{"taxonomy":"post_tag","embeddable":true,"href":"https:\/\/masquefarmacia.org\/index.php\/wp-json\/wp\/v2\/tags?post=579"}],"curies":[{"name":"wp","href":"https:\/\/api.w.org\/{rel}","templated":true}]}}