{"id":593,"date":"2022-10-28T17:40:15","date_gmt":"2022-10-28T17:40:15","guid":{"rendered":"https:\/\/masquefarmacia.org\/?p=593"},"modified":"2023-04-10T15:38:29","modified_gmt":"2023-04-10T15:38:29","slug":"mas-que-farmacia-firma-un-convenio-con-clinsur","status":"publish","type":"post","link":"https:\/\/masquefarmacia.org\/index.php\/2022\/10\/28\/mas-que-farmacia-firma-un-convenio-con-clinsur\/","title":{"rendered":"M\u00e1s Que Farmacia firma un convenio con Clinsur"},"content":{"rendered":"\n<p>M\u00e1s Que Farmacia ha firmado un acuerdo de colaboraci\u00f3n con la distribuidora ClinSur para la dotaci\u00f3n de equipos y productos sanitarios a los equipos que van a atender necesidades de los colectivos vulnerables de nuestro pa\u00eds.<\/p>\n\n\n\n<figure class=\"wp-block-image size-large\"><img fetchpriority=\"high\" decoding=\"async\" width=\"1024\" height=\"768\" src=\"https:\/\/masquefarmacia.org\/wp-content\/uploads\/2022\/10\/clinisur1-1024x768.jpg\" alt=\"\" class=\"wp-image-594\" srcset=\"https:\/\/masquefarmacia.org\/wp-content\/uploads\/2022\/10\/clinisur1-1024x768.jpg 1024w, https:\/\/masquefarmacia.org\/wp-content\/uploads\/2022\/10\/clinisur1-600x450.jpg 600w, https:\/\/masquefarmacia.org\/wp-content\/uploads\/2022\/10\/clinisur1-300x225.jpg 300w, https:\/\/masquefarmacia.org\/wp-content\/uploads\/2022\/10\/clinisur1-768x576.jpg 768w, https:\/\/masquefarmacia.org\/wp-content\/uploads\/2022\/10\/clinisur1-1536x1152.jpg 1536w, https:\/\/masquefarmacia.org\/wp-content\/uploads\/2022\/10\/clinisur1.jpg 2048w\" sizes=\"(max-width: 1024px) 100vw, 1024px\" \/><\/figure>\n\n\n\n<p>Se trata de equipos mixtos formados por m\u00e9dic@, enfermer@ y farmac\u00e9utic@ que atender\u00e1n las necesidades que estamos detectando como prueba piloto en Sevilla.<\/p>\n\n\n\n<figure class=\"wp-block-image size-full\"><img decoding=\"async\" width=\"1536\" height=\"2048\" src=\"https:\/\/masquefarmacia.org\/wp-content\/uploads\/2022\/10\/clinisur2.jpg\" alt=\"\" class=\"wp-image-595\" srcset=\"https:\/\/masquefarmacia.org\/wp-content\/uploads\/2022\/10\/clinisur2.jpg 1536w, https:\/\/masquefarmacia.org\/wp-content\/uploads\/2022\/10\/clinisur2-600x800.jpg 600w, https:\/\/masquefarmacia.org\/wp-content\/uploads\/2022\/10\/clinisur2-225x300.jpg 225w, https:\/\/masquefarmacia.org\/wp-content\/uploads\/2022\/10\/clinisur2-768x1024.jpg 768w, https:\/\/masquefarmacia.org\/wp-content\/uploads\/2022\/10\/clinisur2-1152x1536.jpg 1152w\" sizes=\"(max-width: 1536px) 100vw, 1536px\" \/><\/figure>\n","protected":false},"excerpt":{"rendered":"<p>M\u00e1s Que Farmacia ha firmado un acuerdo de colaboraci\u00f3n con la distribuidora ClinSur para la dotaci\u00f3n de equipos y productos sanitarios a los equipos que van a atender necesidades de los colectivos vulnerables de nuestro pa\u00eds. Se trata de equipos mixtos formados por m\u00e9dic@, enfermer@ y farmac\u00e9utic@ que atender\u00e1n las necesidades que estamos detectando como [&hellip;]<\/p>\n","protected":false},"author":1,"featured_media":594,"comment_status":"open","ping_status":"open","sticky":false,"template":"","format":"standard","meta":{"_monsterinsights_skip_tracking":false,"_monsterinsights_sitenote_active":false,"_monsterinsights_sitenote_note":"","_monsterinsights_sitenote_category":0,"_jetpack_memberships_contains_paid_content":false,"footnotes":""},"categories":[21],"tags":[],"class_list":["post-593","post","type-post","status-publish","format-standard","has-post-thumbnail","hentry","category-convenios"],"aioseo_notices":[],"jetpack_featured_media_url":"https:\/\/masquefarmacia.org\/wp-content\/uploads\/2022\/10\/clinisur1.jpg","jetpack_sharing_enabled":true,"_links":{"self":[{"href":"https:\/\/masquefarmacia.org\/index.php\/wp-json\/wp\/v2\/posts\/593","targetHints":{"allow":["GET"]}}],"collection":[{"href":"https:\/\/masquefarmacia.org\/index.php\/wp-json\/wp\/v2\/posts"}],"about":[{"href":"https:\/\/masquefarmacia.org\/index.php\/wp-json\/wp\/v2\/types\/post"}],"author":[{"embeddable":true,"href":"https:\/\/masquefarmacia.org\/index.php\/wp-json\/wp\/v2\/users\/1"}],"replies":[{"embeddable":true,"href":"https:\/\/masquefarmacia.org\/index.php\/wp-json\/wp\/v2\/comments?post=593"}],"version-history":[{"count":1,"href":"https:\/\/masquefarmacia.org\/index.php\/wp-json\/wp\/v2\/posts\/593\/revisions"}],"predecessor-version":[{"id":596,"href":"https:\/\/masquefarmacia.org\/index.php\/wp-json\/wp\/v2\/posts\/593\/revisions\/596"}],"wp:featuredmedia":[{"embeddable":true,"href":"https:\/\/masquefarmacia.org\/index.php\/wp-json\/wp\/v2\/media\/594"}],"wp:attachment":[{"href":"https:\/\/masquefarmacia.org\/index.php\/wp-json\/wp\/v2\/media?parent=593"}],"wp:term":[{"taxonomy":"category","embeddable":true,"href":"https:\/\/masquefarmacia.org\/index.php\/wp-json\/wp\/v2\/categories?post=593"},{"taxonomy":"post_tag","embeddable":true,"href":"https:\/\/masquefarmacia.org\/index.php\/wp-json\/wp\/v2\/tags?post=593"}],"curies":[{"name":"wp","href":"https:\/\/api.w.org\/{rel}","templated":true}]}}