{"id":662,"date":"2023-02-03T17:04:30","date_gmt":"2023-02-03T17:04:30","guid":{"rendered":"https:\/\/masquefarmacia.org\/?p=662"},"modified":"2023-02-03T18:03:18","modified_gmt":"2023-02-03T18:03:18","slug":"talleres-de-salud-bucodental-en-qsalud","status":"publish","type":"post","link":"https:\/\/masquefarmacia.org\/index.php\/2023\/02\/03\/talleres-de-salud-bucodental-en-qsalud\/","title":{"rendered":"Talleres de Salud Bucodental en +QSocial"},"content":{"rendered":"\n<figure class=\"wp-block-image size-large is-resized\"><img fetchpriority=\"high\" decoding=\"async\" src=\"https:\/\/masquefarmacia.org\/wp-content\/uploads\/2023\/02\/91193725-9269-4820-8169-0C5CF40DF8A4-1024x768.jpeg\" alt=\"\" class=\"wp-image-663\" width=\"834\" height=\"626\" srcset=\"https:\/\/masquefarmacia.org\/wp-content\/uploads\/2023\/02\/91193725-9269-4820-8169-0C5CF40DF8A4-1024x768.jpeg 1024w, https:\/\/masquefarmacia.org\/wp-content\/uploads\/2023\/02\/91193725-9269-4820-8169-0C5CF40DF8A4-300x225.jpeg 300w, https:\/\/masquefarmacia.org\/wp-content\/uploads\/2023\/02\/91193725-9269-4820-8169-0C5CF40DF8A4-768x576.jpeg 768w, https:\/\/masquefarmacia.org\/wp-content\/uploads\/2023\/02\/91193725-9269-4820-8169-0C5CF40DF8A4-1536x1152.jpeg 1536w, https:\/\/masquefarmacia.org\/wp-content\/uploads\/2023\/02\/91193725-9269-4820-8169-0C5CF40DF8A4-2048x1536.jpeg 2048w, https:\/\/masquefarmacia.org\/wp-content\/uploads\/2023\/02\/91193725-9269-4820-8169-0C5CF40DF8A4-1320x990.jpeg 1320w, https:\/\/masquefarmacia.org\/wp-content\/uploads\/2023\/02\/91193725-9269-4820-8169-0C5CF40DF8A4-600x450.jpeg 600w\" sizes=\"(max-width: 834px) 100vw, 834px\" \/><figcaption>Formaci\u00f3n en Salud Bucodental<\/figcaption><\/figure>\n\n\n\n<p>Dentro de nuestro proyecto de +QSocial de acci\u00f3n social, hoy empezamos el primer taller de formaci\u00f3n y educaci\u00f3n en Salud Bucodental con la Asociaci\u00f3n Elige la Vida a personas con drogodependencia y exclusi\u00f3n social que viven en la calle. Elaboramos un pictograma de formaci\u00f3n y le damos material para su implementaci\u00f3n y desarrollo. Como base para mejorar la calidad de vida a trav\u00e9s de consejos y actos saludables.<\/p>\n\n\n\n<figure class=\"wp-block-image size-large is-resized\"><img decoding=\"async\" src=\"https:\/\/masquefarmacia.org\/wp-content\/uploads\/2023\/02\/8A91E39A-7EDC-4EB6-BB61-4714629E8D97-768x1024.jpeg\" alt=\"\" class=\"wp-image-664\" width=\"356\" height=\"475\" srcset=\"https:\/\/masquefarmacia.org\/wp-content\/uploads\/2023\/02\/8A91E39A-7EDC-4EB6-BB61-4714629E8D97-768x1024.jpeg 768w, https:\/\/masquefarmacia.org\/wp-content\/uploads\/2023\/02\/8A91E39A-7EDC-4EB6-BB61-4714629E8D97-225x300.jpeg 225w, https:\/\/masquefarmacia.org\/wp-content\/uploads\/2023\/02\/8A91E39A-7EDC-4EB6-BB61-4714629E8D97-1152x1536.jpeg 1152w, https:\/\/masquefarmacia.org\/wp-content\/uploads\/2023\/02\/8A91E39A-7EDC-4EB6-BB61-4714629E8D97-1536x2048.jpeg 1536w, https:\/\/masquefarmacia.org\/wp-content\/uploads\/2023\/02\/8A91E39A-7EDC-4EB6-BB61-4714629E8D97-1320x1760.jpeg 1320w, https:\/\/masquefarmacia.org\/wp-content\/uploads\/2023\/02\/8A91E39A-7EDC-4EB6-BB61-4714629E8D97-600x800.jpeg 600w, https:\/\/masquefarmacia.org\/wp-content\/uploads\/2023\/02\/8A91E39A-7EDC-4EB6-BB61-4714629E8D97-scaled.jpeg 1920w\" sizes=\"(max-width: 356px) 100vw, 356px\" \/><figcaption>Material de formaci\u00f3n<\/figcaption><\/figure>\n","protected":false},"excerpt":{"rendered":"<p>Dentro de nuestro proyecto de +QSocial de acci\u00f3n social, hoy empezamos el primer taller de formaci\u00f3n y educaci\u00f3n en Salud Bucodental con la Asociaci\u00f3n Elige la Vida a personas con drogodependencia y exclusi\u00f3n social que viven en la calle. Elaboramos un pictograma de formaci\u00f3n y le damos material para su implementaci\u00f3n y desarrollo. Como base [&hellip;]<\/p>\n","protected":false},"author":2,"featured_media":663,"comment_status":"open","ping_status":"open","sticky":true,"template":"","format":"standard","meta":{"_monsterinsights_skip_tracking":false,"_monsterinsights_sitenote_active":false,"_monsterinsights_sitenote_note":"","_monsterinsights_sitenote_category":0,"_jetpack_memberships_contains_paid_content":false,"footnotes":""},"categories":[20],"tags":[],"class_list":["post-662","post","type-post","status-publish","format-standard","has-post-thumbnail","hentry","category-accion-social"],"aioseo_notices":[],"jetpack_featured_media_url":"https:\/\/masquefarmacia.org\/wp-content\/uploads\/2023\/02\/91193725-9269-4820-8169-0C5CF40DF8A4-scaled.jpeg","jetpack_sharing_enabled":true,"_links":{"self":[{"href":"https:\/\/masquefarmacia.org\/index.php\/wp-json\/wp\/v2\/posts\/662","targetHints":{"allow":["GET"]}}],"collection":[{"href":"https:\/\/masquefarmacia.org\/index.php\/wp-json\/wp\/v2\/posts"}],"about":[{"href":"https:\/\/masquefarmacia.org\/index.php\/wp-json\/wp\/v2\/types\/post"}],"author":[{"embeddable":true,"href":"https:\/\/masquefarmacia.org\/index.php\/wp-json\/wp\/v2\/users\/2"}],"replies":[{"embeddable":true,"href":"https:\/\/masquefarmacia.org\/index.php\/wp-json\/wp\/v2\/comments?post=662"}],"version-history":[{"count":5,"href":"https:\/\/masquefarmacia.org\/index.php\/wp-json\/wp\/v2\/posts\/662\/revisions"}],"predecessor-version":[{"id":670,"href":"https:\/\/masquefarmacia.org\/index.php\/wp-json\/wp\/v2\/posts\/662\/revisions\/670"}],"wp:featuredmedia":[{"embeddable":true,"href":"https:\/\/masquefarmacia.org\/index.php\/wp-json\/wp\/v2\/media\/663"}],"wp:attachment":[{"href":"https:\/\/masquefarmacia.org\/index.php\/wp-json\/wp\/v2\/media?parent=662"}],"wp:term":[{"taxonomy":"category","embeddable":true,"href":"https:\/\/masquefarmacia.org\/index.php\/wp-json\/wp\/v2\/categories?post=662"},{"taxonomy":"post_tag","embeddable":true,"href":"https:\/\/masquefarmacia.org\/index.php\/wp-json\/wp\/v2\/tags?post=662"}],"curies":[{"name":"wp","href":"https:\/\/api.w.org\/{rel}","templated":true}]}}