{"id":812,"date":"2023-04-01T15:43:32","date_gmt":"2023-04-01T15:43:32","guid":{"rendered":"https:\/\/masquefarmacia.org\/?p=812"},"modified":"2023-04-01T15:58:00","modified_gmt":"2023-04-01T15:58:00","slug":"talleres-de-salud-e-higiene-corporal","status":"publish","type":"post","link":"https:\/\/masquefarmacia.org\/index.php\/2023\/04\/01\/talleres-de-salud-e-higiene-corporal\/","title":{"rendered":"Talleres de Salud e Higiene Corporal"},"content":{"rendered":"\n<p>Dentro de nuestro proyecto +QSocial de acci\u00f3n social, continuamos con los talleres  de formaci\u00f3n y educaci\u00f3n en Salud e Higiene Corporal con la Asociaci\u00f3n Elige la Vida a personas con drogodependencia y exclusi\u00f3n social que viven en la calle. Elaboramos un pictograma de formaci\u00f3n y le damos material para su implementaci\u00f3n y desarrollo. Como base para mejorar la calidad de vida a trav\u00e9s de consejos y actos saludables. Tambi\u00e9n le dotamos a todas estas personas de productos como jab\u00f3n, colonia, esponjas jabonosas, crema de cuerpo, champ\u00fa, material donado por Jalsosa.<\/p>\n\n\n\n<figure class=\"wp-block-image size-large is-resized\"><img fetchpriority=\"high\" decoding=\"async\" src=\"https:\/\/masquefarmacia.org\/wp-content\/uploads\/2023\/04\/TALLER-SALUD-CORPORAL-2023_6937-1-1024x768.jpg\" alt=\"\" class=\"wp-image-817\" width=\"545\" height=\"409\" srcset=\"https:\/\/masquefarmacia.org\/wp-content\/uploads\/2023\/04\/TALLER-SALUD-CORPORAL-2023_6937-1-1024x768.jpg 1024w, https:\/\/masquefarmacia.org\/wp-content\/uploads\/2023\/04\/TALLER-SALUD-CORPORAL-2023_6937-1-300x225.jpg 300w, https:\/\/masquefarmacia.org\/wp-content\/uploads\/2023\/04\/TALLER-SALUD-CORPORAL-2023_6937-1-768x576.jpg 768w, https:\/\/masquefarmacia.org\/wp-content\/uploads\/2023\/04\/TALLER-SALUD-CORPORAL-2023_6937-1-1536x1152.jpg 1536w, https:\/\/masquefarmacia.org\/wp-content\/uploads\/2023\/04\/TALLER-SALUD-CORPORAL-2023_6937-1-2048x1536.jpg 2048w, https:\/\/masquefarmacia.org\/wp-content\/uploads\/2023\/04\/TALLER-SALUD-CORPORAL-2023_6937-1-1320x990.jpg 1320w, https:\/\/masquefarmacia.org\/wp-content\/uploads\/2023\/04\/TALLER-SALUD-CORPORAL-2023_6937-1-600x450.jpg 600w\" sizes=\"(max-width: 545px) 100vw, 545px\" \/><\/figure>\n\n\n\n<figure class=\"wp-block-image size-large is-resized\"><img decoding=\"async\" src=\"https:\/\/masquefarmacia.org\/wp-content\/uploads\/2023\/04\/TALLER-SALUD-CORPORAL-2023_6945-1-768x1024.jpg\" alt=\"\" class=\"wp-image-818\" width=\"287\" height=\"383\" srcset=\"https:\/\/masquefarmacia.org\/wp-content\/uploads\/2023\/04\/TALLER-SALUD-CORPORAL-2023_6945-1-768x1024.jpg 768w, https:\/\/masquefarmacia.org\/wp-content\/uploads\/2023\/04\/TALLER-SALUD-CORPORAL-2023_6945-1-225x300.jpg 225w, https:\/\/masquefarmacia.org\/wp-content\/uploads\/2023\/04\/TALLER-SALUD-CORPORAL-2023_6945-1-1152x1536.jpg 1152w, https:\/\/masquefarmacia.org\/wp-content\/uploads\/2023\/04\/TALLER-SALUD-CORPORAL-2023_6945-1-1536x2048.jpg 1536w, https:\/\/masquefarmacia.org\/wp-content\/uploads\/2023\/04\/TALLER-SALUD-CORPORAL-2023_6945-1-1320x1760.jpg 1320w, https:\/\/masquefarmacia.org\/wp-content\/uploads\/2023\/04\/TALLER-SALUD-CORPORAL-2023_6945-1-600x800.jpg 600w, https:\/\/masquefarmacia.org\/wp-content\/uploads\/2023\/04\/TALLER-SALUD-CORPORAL-2023_6945-1-scaled.jpg 1920w\" sizes=\"(max-width: 287px) 100vw, 287px\" \/><\/figure>\n","protected":false},"excerpt":{"rendered":"<p>Dentro de nuestro proyecto +QSocial de acci\u00f3n social, continuamos con los talleres de formaci\u00f3n y educaci\u00f3n en Salud e Higiene Corporal con la Asociaci\u00f3n Elige la Vida a personas con drogodependencia y exclusi\u00f3n social que viven en la calle. Elaboramos un pictograma de formaci\u00f3n y le damos material para su implementaci\u00f3n y desarrollo. Como base [&hellip;]<\/p>\n","protected":false},"author":2,"featured_media":817,"comment_status":"open","ping_status":"open","sticky":false,"template":"","format":"standard","meta":{"_monsterinsights_skip_tracking":false,"_monsterinsights_sitenote_active":false,"_monsterinsights_sitenote_note":"","_monsterinsights_sitenote_category":0,"_jetpack_memberships_contains_paid_content":false,"footnotes":""},"categories":[20],"tags":[],"class_list":["post-812","post","type-post","status-publish","format-standard","has-post-thumbnail","hentry","category-accion-social"],"aioseo_notices":[],"jetpack_featured_media_url":"https:\/\/masquefarmacia.org\/wp-content\/uploads\/2023\/04\/TALLER-SALUD-CORPORAL-2023_6937-1-scaled.jpg","jetpack_sharing_enabled":true,"_links":{"self":[{"href":"https:\/\/masquefarmacia.org\/index.php\/wp-json\/wp\/v2\/posts\/812","targetHints":{"allow":["GET"]}}],"collection":[{"href":"https:\/\/masquefarmacia.org\/index.php\/wp-json\/wp\/v2\/posts"}],"about":[{"href":"https:\/\/masquefarmacia.org\/index.php\/wp-json\/wp\/v2\/types\/post"}],"author":[{"embeddable":true,"href":"https:\/\/masquefarmacia.org\/index.php\/wp-json\/wp\/v2\/users\/2"}],"replies":[{"embeddable":true,"href":"https:\/\/masquefarmacia.org\/index.php\/wp-json\/wp\/v2\/comments?post=812"}],"version-history":[{"count":2,"href":"https:\/\/masquefarmacia.org\/index.php\/wp-json\/wp\/v2\/posts\/812\/revisions"}],"predecessor-version":[{"id":819,"href":"https:\/\/masquefarmacia.org\/index.php\/wp-json\/wp\/v2\/posts\/812\/revisions\/819"}],"wp:featuredmedia":[{"embeddable":true,"href":"https:\/\/masquefarmacia.org\/index.php\/wp-json\/wp\/v2\/media\/817"}],"wp:attachment":[{"href":"https:\/\/masquefarmacia.org\/index.php\/wp-json\/wp\/v2\/media?parent=812"}],"wp:term":[{"taxonomy":"category","embeddable":true,"href":"https:\/\/masquefarmacia.org\/index.php\/wp-json\/wp\/v2\/categories?post=812"},{"taxonomy":"post_tag","embeddable":true,"href":"https:\/\/masquefarmacia.org\/index.php\/wp-json\/wp\/v2\/tags?post=812"}],"curies":[{"name":"wp","href":"https:\/\/api.w.org\/{rel}","templated":true}]}}